{"id":3164,"date":"2026-02-19T13:50:12","date_gmt":"2026-02-19T13:50:12","guid":{"rendered":"https:\/\/www.academiaoffices.hu\/?p=3164"},"modified":"2026-02-19T13:51:05","modified_gmt":"2026-02-19T13:51:05","slug":"ujdonsagok-az-academia-ban-atadasra-kerult-a-natara-uj-irodaja-es-megnyilt-az-academia-by-twinz-coffee","status":"publish","type":"post","link":"https:\/\/www.academiaoffices.hu\/index.php\/2026\/02\/19\/ujdonsagok-az-academia-ban-atadasra-kerult-a-natara-uj-irodaja-es-megnyilt-az-academia-by-twinz-coffee\/","title":{"rendered":"\u00dajdons\u00e1gok az ACADEMIA-BAN: \u00e1tad\u00e1sra ker\u00fclt a NATARA \u00faj irod\u00e1ja \u00e9s megny\u00edlt az ACADEMIA by Twinz Coffee"},"content":{"rendered":"\n<p>2026 \u00e9v elej\u00e9n \u00e1tad\u00e1sra ker\u00fclt <strong>a NATARA Csoport \u00faj irod\u00e1ja<\/strong>, modern bels\u0151\u00e9p\u00edt\u00e9szeti megold\u00e1sokkal \u00e9s k\u00f6z\u00f6ss\u00e9gi f\u00f3kusz\u00fa t\u00e9rhaszn\u00e1lattal, a lobbyban pedig <strong>az \u00fajonnan ny\u00edlt ACADEMIA by Twinz Coffee<\/strong> v\u00e1rja vend\u00e9geit egy finom k\u00e1v\u00e9ra, gyors reggelire vagy \u00fczleti eb\u00e9dre.&nbsp;<\/p>\n\n\n\n<h3 class=\"wp-block-heading\"><strong>\u00daj iroda az ACADEMI\u00c1BAN; \u201ef\u00e9ny \u00e9s bor harm\u00f3ni\u00e1ja\u201d inspir\u00e1l\u00f3 terekben<\/strong><\/h3>\n\n\n\n<p>A NATARA Csoport \u00faj irod\u00e1t hozott l\u00e9tre Budapest sz\u00edv\u00e9ben, az ikonikus ACADEMIA \u00e9p\u00fcletben.&nbsp; A helysz\u00edn a c\u00e9g magyarorsz\u00e1gi bor\u00e1szati m\u0171k\u00f6d\u00e9s\u00e9nek k\u00f6zpontja, mik\u00f6zben j\u00f3l t\u00fckr\u00f6zi a NATARA hazai \u00e9s nemzetk\u00f6zi n\u00f6veked\u00e9si t\u00f6rekv\u00e9seit is.<\/p>\n\n\n\n<p>A bels\u0151\u00e9p\u00edt\u00e9szeti koncepci\u00f3 c\u00e9lja egy inspir\u00e1l\u00f3, modern \u00e9s nyitott munkak\u00f6rnyezet megteremt\u00e9se, amely kiemelked\u0151 \u00e9lm\u00e9nyt ny\u00fajt a partnereknek is, \u00e9s a tervek szerint 14 munkat\u00e1rs mindennapi munk\u00e1j\u00e1t t\u00e1mogatja. A t\u00e9r kialak\u00edt\u00e1sa tudatosan igazodik a v\u00e1llalati arculathoz: a megold\u00e1sok a z\u00f6kken\u0151mentes hat\u00e9kony k\u00f6z\u00f6s munk\u00e1t, a k\u00f6z\u00f6ss\u00e9gi m\u0171k\u00f6d\u00e9st \u00e9s a bor vil\u00e1ga \u00e1ltal inspir\u00e1lt hangulatot egyszerre er\u0151s\u00edtik.<\/p>\n\n\n\n<p>A projekt kiemelt elemei a magas min\u0151s\u00e9g\u0171 k\u00f6z\u00f6ss\u00e9gi terek: egy\u00fcttm\u0171k\u00f6d\u00e9si sarkok, pihen\u0151z\u00f3na, \u201eotthonos\u201d konyha \u00e9s k\u00e1v\u00e9sarok, valamint az \u00e9p\u00fclet p\u00e1ratlan tet\u0151terasza; mindezek azt szolg\u00e1lj\u00e1k, hogy a koll\u00e9g\u00e1k \u00e9s partnerek sz\u00e1m\u00e1ra inspir\u00e1l\u00f3, k\u00f6z\u00f6ss\u00e9g\u00e9p\u00edt\u0151 \u00e9lm\u00e9ny j\u00f6jj\u00f6n l\u00e9tre.<\/p>\n\n\n\n<p>A bels\u0151\u00e9p\u00edt\u00e9szeti tervez\u00e9st a <strong>M\u00e1diL\u00e1ncos Studio<\/strong> csapata jegyzi (vezet\u0151 tervez\u0151k: <strong>S\u00e1rosdi-M\u00e1di Krisztina, L\u00e1ncos \u00c1ron, Szlov\u00e1k J\u00e1nos<\/strong>; projektvezet\u0151: <strong>Incze \u00c1d\u00e1m<\/strong>; tervez\u0151k: <strong>Matheidesz S\u00e1ra, Nagy M\u00e1t\u00e9<\/strong>).<br>A kivitelez\u00e9s\/fitout partnere: <strong>FITOUT Zrt.<\/strong> A projektmenedzsmentet a <strong>ConvergenCE csapata<\/strong> biztos\u00edtotta.<\/p>\n\n\n\n<h3 class=\"wp-block-heading\"><strong>ACADEMIA by Twinz Coffee: \u00faj tal\u00e1lkoz\u00f3pont a modern sz\u00e1rny lobby-j\u00e1ban<\/strong><\/h3>\n\n\n\n<p>Szint\u00e9n az ACADEMIA modern sz\u00e1rny\u00e1t er\u0151s\u00edti, hogy <strong>2026 febru\u00e1rj\u00e1t\u00f3l<\/strong> az <strong>ACADEMIA by Twinz Coffee<\/strong> friss k\u00e1v\u00e9val, p\u00e9ks\u00fctem\u00e9nyekkel, sal\u00e1t\u00e1kkal, reggelikkel \u00e9s <strong>napi men\u00fcvel<\/strong> v\u00e1rja a b\u00e9rl\u0151ket \u00e9s a vend\u00e9geket. Az ACADEMIA by Twinz Coffee egy k\u00f6nnyen el\u00e9rhet\u0151 k\u00e9nyelmi szolg\u00e1ltat\u00e1s, ahol a nap ind\u00edt\u00e1sa, egy gyors eb\u00e9d vagy ak\u00e1r egy k\u00f6tetlen tal\u00e1lkoz\u00f3 is term\u00e9szetesen adja mag\u00e1t.<\/p>\n\n\n\n<p>Az ACADEMIA ingatlankezel\u00e9se \u00e9s a Twinz m\u00e1r a nyit\u00e1s els\u0151 heteiben is a b\u00e9rl\u0151i k\u00f6z\u00f6ss\u00e9gre f\u00f3kusz\u00e1lt \u00e9s farsangi finoms\u00e1gokkal kedveskedtek a b\u00e9rl\u0151knek.<strong>Nyitvatart\u00e1s:<\/strong><strong><br><\/strong>H\u00e9tf\u0151\u2013cs\u00fct\u00f6rt\u00f6k: <strong>7:30\u201316:00<\/strong><strong><br><\/strong>P\u00e9ntek: <strong>7:30\u201315:00<\/strong><\/p>\n","protected":false},"excerpt":{"rendered":"<p>2026 \u00e9v elej\u00e9n \u00e1tad\u00e1sra ker\u00fclt a NATARA Csoport \u00faj irod\u00e1ja, modern bels\u0151\u00e9p\u00edt\u00e9szeti megold\u00e1sokkal \u00e9s k\u00f6z\u00f6ss\u00e9gi f\u00f3kusz\u00fa t\u00e9rhaszn\u00e1lattal, a lobbyban pedig az \u00fajonnan ny\u00edlt ACADEMIA by Twinz Coffee v\u00e1rja vend\u00e9geit egy finom k\u00e1v\u00e9ra, gyors reggelire vagy \u00fczleti eb\u00e9dre.\u00a0<\/p>\n","protected":false},"author":9,"featured_media":3162,"comment_status":"open","ping_status":"open","sticky":false,"template":"","format":"standard","meta":{"footnotes":""},"categories":[14],"tags":[31,32],"class_list":["post-3164","post","type-post","status-publish","format-standard","has-post-thumbnail","hentry","category-news","tag-academia","tag-academiaoffices"],"yoast_head":"<!-- This site is optimized with the Yoast SEO plugin v27.3 - https:\/\/yoast.com\/product\/yoast-seo-wordpress\/ -->\n<title>\u00dajdons\u00e1gok az ACADEMIA-BAN: \u00e1tad\u00e1sra ker\u00fclt a NATARA \u00faj irod\u00e1ja \u00e9s megny\u00edlt az ACADEMIA by Twinz Coffee - ACADEMIA offices<\/title>\n<meta name=\"robots\" content=\"index, follow, max-snippet:-1, max-image-preview:large, max-video-preview:-1\" \/>\n<link rel=\"canonical\" href=\"https:\/\/www.academiaoffices.hu\/index.php\/2026\/02\/19\/ujdonsagok-az-academia-ban-atadasra-kerult-a-natara-uj-irodaja-es-megnyilt-az-academia-by-twinz-coffee\/\" \/>\n<meta property=\"og:locale\" content=\"hu_HU\" \/>\n<meta property=\"og:type\" content=\"article\" \/>\n<meta property=\"og:title\" content=\"\u00dajdons\u00e1gok az ACADEMIA-BAN: \u00e1tad\u00e1sra ker\u00fclt a NATARA \u00faj irod\u00e1ja \u00e9s megny\u00edlt az ACADEMIA by Twinz Coffee - ACADEMIA offices\" \/>\n<meta property=\"og:description\" content=\"2026 \u00e9v elej\u00e9n \u00e1tad\u00e1sra ker\u00fclt a NATARA Csoport \u00faj irod\u00e1ja, modern bels\u0151\u00e9p\u00edt\u00e9szeti megold\u00e1sokkal \u00e9s k\u00f6z\u00f6ss\u00e9gi f\u00f3kusz\u00fa t\u00e9rhaszn\u00e1lattal, a lobbyban pedig az \u00fajonnan ny\u00edlt ACADEMIA by Twinz Coffee v\u00e1rja vend\u00e9geit egy finom k\u00e1v\u00e9ra, gyors reggelire vagy \u00fczleti eb\u00e9dre.\u00a0\" \/>\n<meta property=\"og:url\" content=\"https:\/\/www.academiaoffices.hu\/index.php\/2026\/02\/19\/ujdonsagok-az-academia-ban-atadasra-kerult-a-natara-uj-irodaja-es-megnyilt-az-academia-by-twinz-coffee\/\" \/>\n<meta property=\"og:site_name\" content=\"ACADEMIA offices\" \/>\n<meta property=\"article:published_time\" content=\"2026-02-19T13:50:12+00:00\" \/>\n<meta property=\"article:modified_time\" content=\"2026-02-19T13:51:05+00:00\" \/>\n<meta property=\"og:image\" content=\"https:\/\/www.academiaoffices.hu\/wp-content\/uploads\/2026\/02\/pic.jpg\" \/>\n\t<meta property=\"og:image:width\" content=\"1536\" \/>\n\t<meta property=\"og:image:height\" content=\"1024\" \/>\n\t<meta property=\"og:image:type\" content=\"image\/jpeg\" \/>\n<meta name=\"author\" content=\"K\u00e1lm\u00e1n P\u00e9ter\" \/>\n<meta name=\"twitter:card\" content=\"summary_large_image\" \/>\n<meta name=\"twitter:label1\" content=\"Szerz\u0151:\" \/>\n\t<meta name=\"twitter:data1\" content=\"K\u00e1lm\u00e1n P\u00e9ter\" \/>\n\t<meta name=\"twitter:label2\" content=\"Becs\u00fclt olvas\u00e1si id\u0151\" \/>\n\t<meta name=\"twitter:data2\" content=\"2 perc\" \/>\n<script type=\"application\/ld+json\" class=\"yoast-schema-graph\">{\"@context\":\"https:\\\/\\\/schema.org\",\"@graph\":[{\"@type\":\"Article\",\"@id\":\"https:\\\/\\\/www.academiaoffices.hu\\\/index.php\\\/2026\\\/02\\\/19\\\/ujdonsagok-az-academia-ban-atadasra-kerult-a-natara-uj-irodaja-es-megnyilt-az-academia-by-twinz-coffee\\\/#article\",\"isPartOf\":{\"@id\":\"https:\\\/\\\/www.academiaoffices.hu\\\/index.php\\\/2026\\\/02\\\/19\\\/ujdonsagok-az-academia-ban-atadasra-kerult-a-natara-uj-irodaja-es-megnyilt-az-academia-by-twinz-coffee\\\/\"},\"author\":{\"name\":\"K\u00e1lm\u00e1n P\u00e9ter\",\"@id\":\"https:\\\/\\\/www.academiaoffices.hu\\\/#\\\/schema\\\/person\\\/b17916ce2c0729ab139fc6a1978c9d26\"},\"headline\":\"\u00dajdons\u00e1gok az ACADEMIA-BAN: \u00e1tad\u00e1sra ker\u00fclt a NATARA \u00faj irod\u00e1ja \u00e9s megny\u00edlt az ACADEMIA by Twinz Coffee\",\"datePublished\":\"2026-02-19T13:50:12+00:00\",\"dateModified\":\"2026-02-19T13:51:05+00:00\",\"mainEntityOfPage\":{\"@id\":\"https:\\\/\\\/www.academiaoffices.hu\\\/index.php\\\/2026\\\/02\\\/19\\\/ujdonsagok-az-academia-ban-atadasra-kerult-a-natara-uj-irodaja-es-megnyilt-az-academia-by-twinz-coffee\\\/\"},\"wordCount\":502,\"commentCount\":0,\"publisher\":{\"@id\":\"https:\\\/\\\/www.academiaoffices.hu\\\/#organization\"},\"image\":{\"@id\":\"https:\\\/\\\/www.academiaoffices.hu\\\/index.php\\\/2026\\\/02\\\/19\\\/ujdonsagok-az-academia-ban-atadasra-kerult-a-natara-uj-irodaja-es-megnyilt-az-academia-by-twinz-coffee\\\/#primaryimage\"},\"thumbnailUrl\":\"https:\\\/\\\/www.academiaoffices.hu\\\/wp-content\\\/uploads\\\/2026\\\/02\\\/pic.jpg\",\"keywords\":[\"academia\",\"academiaoffices\"],\"articleSection\":[\"H\u00cdREK\"],\"inLanguage\":\"hu\",\"potentialAction\":[{\"@type\":\"CommentAction\",\"name\":\"Comment\",\"target\":[\"https:\\\/\\\/www.academiaoffices.hu\\\/index.php\\\/2026\\\/02\\\/19\\\/ujdonsagok-az-academia-ban-atadasra-kerult-a-natara-uj-irodaja-es-megnyilt-az-academia-by-twinz-coffee\\\/#respond\"]}]},{\"@type\":\"WebPage\",\"@id\":\"https:\\\/\\\/www.academiaoffices.hu\\\/index.php\\\/2026\\\/02\\\/19\\\/ujdonsagok-az-academia-ban-atadasra-kerult-a-natara-uj-irodaja-es-megnyilt-az-academia-by-twinz-coffee\\\/\",\"url\":\"https:\\\/\\\/www.academiaoffices.hu\\\/index.php\\\/2026\\\/02\\\/19\\\/ujdonsagok-az-academia-ban-atadasra-kerult-a-natara-uj-irodaja-es-megnyilt-az-academia-by-twinz-coffee\\\/\",\"name\":\"\u00dajdons\u00e1gok az ACADEMIA-BAN: \u00e1tad\u00e1sra ker\u00fclt a NATARA \u00faj irod\u00e1ja \u00e9s megny\u00edlt az ACADEMIA by Twinz Coffee - ACADEMIA offices\",\"isPartOf\":{\"@id\":\"https:\\\/\\\/www.academiaoffices.hu\\\/#website\"},\"primaryImageOfPage\":{\"@id\":\"https:\\\/\\\/www.academiaoffices.hu\\\/index.php\\\/2026\\\/02\\\/19\\\/ujdonsagok-az-academia-ban-atadasra-kerult-a-natara-uj-irodaja-es-megnyilt-az-academia-by-twinz-coffee\\\/#primaryimage\"},\"image\":{\"@id\":\"https:\\\/\\\/www.academiaoffices.hu\\\/index.php\\\/2026\\\/02\\\/19\\\/ujdonsagok-az-academia-ban-atadasra-kerult-a-natara-uj-irodaja-es-megnyilt-az-academia-by-twinz-coffee\\\/#primaryimage\"},\"thumbnailUrl\":\"https:\\\/\\\/www.academiaoffices.hu\\\/wp-content\\\/uploads\\\/2026\\\/02\\\/pic.jpg\",\"datePublished\":\"2026-02-19T13:50:12+00:00\",\"dateModified\":\"2026-02-19T13:51:05+00:00\",\"breadcrumb\":{\"@id\":\"https:\\\/\\\/www.academiaoffices.hu\\\/index.php\\\/2026\\\/02\\\/19\\\/ujdonsagok-az-academia-ban-atadasra-kerult-a-natara-uj-irodaja-es-megnyilt-az-academia-by-twinz-coffee\\\/#breadcrumb\"},\"inLanguage\":\"hu\",\"potentialAction\":[{\"@type\":\"ReadAction\",\"target\":[\"https:\\\/\\\/www.academiaoffices.hu\\\/index.php\\\/2026\\\/02\\\/19\\\/ujdonsagok-az-academia-ban-atadasra-kerult-a-natara-uj-irodaja-es-megnyilt-az-academia-by-twinz-coffee\\\/\"]}]},{\"@type\":\"ImageObject\",\"inLanguage\":\"hu\",\"@id\":\"https:\\\/\\\/www.academiaoffices.hu\\\/index.php\\\/2026\\\/02\\\/19\\\/ujdonsagok-az-academia-ban-atadasra-kerult-a-natara-uj-irodaja-es-megnyilt-az-academia-by-twinz-coffee\\\/#primaryimage\",\"url\":\"https:\\\/\\\/www.academiaoffices.hu\\\/wp-content\\\/uploads\\\/2026\\\/02\\\/pic.jpg\",\"contentUrl\":\"https:\\\/\\\/www.academiaoffices.hu\\\/wp-content\\\/uploads\\\/2026\\\/02\\\/pic.jpg\",\"width\":1536,\"height\":1024},{\"@type\":\"BreadcrumbList\",\"@id\":\"https:\\\/\\\/www.academiaoffices.hu\\\/index.php\\\/2026\\\/02\\\/19\\\/ujdonsagok-az-academia-ban-atadasra-kerult-a-natara-uj-irodaja-es-megnyilt-az-academia-by-twinz-coffee\\\/#breadcrumb\",\"itemListElement\":[{\"@type\":\"ListItem\",\"position\":1,\"name\":\"Kezd\u0151lap\",\"item\":\"https:\\\/\\\/www.academiaoffices.hu\\\/?lang=en\"},{\"@type\":\"ListItem\",\"position\":2,\"name\":\"\u00dajdons\u00e1gok az ACADEMIA-BAN: \u00e1tad\u00e1sra ker\u00fclt a NATARA \u00faj irod\u00e1ja \u00e9s megny\u00edlt az ACADEMIA by Twinz Coffee\"}]},{\"@type\":\"WebSite\",\"@id\":\"https:\\\/\\\/www.academiaoffices.hu\\\/#website\",\"url\":\"https:\\\/\\\/www.academiaoffices.hu\\\/\",\"name\":\"ACADEMIA offices\",\"description\":\"Tradition meets modernity\",\"publisher\":{\"@id\":\"https:\\\/\\\/www.academiaoffices.hu\\\/#organization\"},\"potentialAction\":[{\"@type\":\"SearchAction\",\"target\":{\"@type\":\"EntryPoint\",\"urlTemplate\":\"https:\\\/\\\/www.academiaoffices.hu\\\/?s={search_term_string}\"},\"query-input\":{\"@type\":\"PropertyValueSpecification\",\"valueRequired\":true,\"valueName\":\"search_term_string\"}}],\"inLanguage\":\"hu\"},{\"@type\":\"Organization\",\"@id\":\"https:\\\/\\\/www.academiaoffices.hu\\\/#organization\",\"name\":\"ACADEMIA offices\",\"url\":\"https:\\\/\\\/www.academiaoffices.hu\\\/\",\"logo\":{\"@type\":\"ImageObject\",\"inLanguage\":\"hu\",\"@id\":\"https:\\\/\\\/www.academiaoffices.hu\\\/#\\\/schema\\\/logo\\\/image\\\/\",\"url\":\"https:\\\/\\\/www.academiaoffices.hu\\\/wp-content\\\/uploads\\\/2022\\\/07\\\/Group1.png\",\"contentUrl\":\"https:\\\/\\\/www.academiaoffices.hu\\\/wp-content\\\/uploads\\\/2022\\\/07\\\/Group1.png\",\"width\":99,\"height\":58,\"caption\":\"ACADEMIA offices\"},\"image\":{\"@id\":\"https:\\\/\\\/www.academiaoffices.hu\\\/#\\\/schema\\\/logo\\\/image\\\/\"}},{\"@type\":\"Person\",\"@id\":\"https:\\\/\\\/www.academiaoffices.hu\\\/#\\\/schema\\\/person\\\/b17916ce2c0729ab139fc6a1978c9d26\",\"name\":\"K\u00e1lm\u00e1n P\u00e9ter\",\"image\":{\"@type\":\"ImageObject\",\"inLanguage\":\"hu\",\"@id\":\"https:\\\/\\\/secure.gravatar.com\\\/avatar\\\/1371d1569983bf206405072611ff5a6a25ede378b5b26376344c3166c4e0d597?s=96&d=mm&r=g\",\"url\":\"https:\\\/\\\/secure.gravatar.com\\\/avatar\\\/1371d1569983bf206405072611ff5a6a25ede378b5b26376344c3166c4e0d597?s=96&d=mm&r=g\",\"contentUrl\":\"https:\\\/\\\/secure.gravatar.com\\\/avatar\\\/1371d1569983bf206405072611ff5a6a25ede378b5b26376344c3166c4e0d597?s=96&d=mm&r=g\",\"caption\":\"K\u00e1lm\u00e1n P\u00e9ter\"},\"url\":\"https:\\\/\\\/www.academiaoffices.hu\\\/index.php\\\/author\\\/peter-kalmanwesterlike-com\\\/\"}]}<\/script>\n<!-- \/ Yoast SEO plugin. -->","yoast_head_json":{"title":"\u00dajdons\u00e1gok az ACADEMIA-BAN: \u00e1tad\u00e1sra ker\u00fclt a NATARA \u00faj irod\u00e1ja \u00e9s megny\u00edlt az ACADEMIA by Twinz Coffee - ACADEMIA offices","robots":{"index":"index","follow":"follow","max-snippet":"max-snippet:-1","max-image-preview":"max-image-preview:large","max-video-preview":"max-video-preview:-1"},"canonical":"https:\/\/www.academiaoffices.hu\/index.php\/2026\/02\/19\/ujdonsagok-az-academia-ban-atadasra-kerult-a-natara-uj-irodaja-es-megnyilt-az-academia-by-twinz-coffee\/","og_locale":"hu_HU","og_type":"article","og_title":"\u00dajdons\u00e1gok az ACADEMIA-BAN: \u00e1tad\u00e1sra ker\u00fclt a NATARA \u00faj irod\u00e1ja \u00e9s megny\u00edlt az ACADEMIA by Twinz Coffee - ACADEMIA offices","og_description":"2026 \u00e9v elej\u00e9n \u00e1tad\u00e1sra ker\u00fclt a NATARA Csoport \u00faj irod\u00e1ja, modern bels\u0151\u00e9p\u00edt\u00e9szeti megold\u00e1sokkal \u00e9s k\u00f6z\u00f6ss\u00e9gi f\u00f3kusz\u00fa t\u00e9rhaszn\u00e1lattal, a lobbyban pedig az \u00fajonnan ny\u00edlt ACADEMIA by Twinz Coffee v\u00e1rja vend\u00e9geit egy finom k\u00e1v\u00e9ra, gyors reggelire vagy \u00fczleti eb\u00e9dre.\u00a0","og_url":"https:\/\/www.academiaoffices.hu\/index.php\/2026\/02\/19\/ujdonsagok-az-academia-ban-atadasra-kerult-a-natara-uj-irodaja-es-megnyilt-az-academia-by-twinz-coffee\/","og_site_name":"ACADEMIA offices","article_published_time":"2026-02-19T13:50:12+00:00","article_modified_time":"2026-02-19T13:51:05+00:00","og_image":[{"width":1536,"height":1024,"url":"https:\/\/www.academiaoffices.hu\/wp-content\/uploads\/2026\/02\/pic.jpg","type":"image\/jpeg"}],"author":"K\u00e1lm\u00e1n P\u00e9ter","twitter_card":"summary_large_image","twitter_misc":{"Szerz\u0151:":"K\u00e1lm\u00e1n P\u00e9ter","Becs\u00fclt olvas\u00e1si id\u0151":"2 perc"},"schema":{"@context":"https:\/\/schema.org","@graph":[{"@type":"Article","@id":"https:\/\/www.academiaoffices.hu\/index.php\/2026\/02\/19\/ujdonsagok-az-academia-ban-atadasra-kerult-a-natara-uj-irodaja-es-megnyilt-az-academia-by-twinz-coffee\/#article","isPartOf":{"@id":"https:\/\/www.academiaoffices.hu\/index.php\/2026\/02\/19\/ujdonsagok-az-academia-ban-atadasra-kerult-a-natara-uj-irodaja-es-megnyilt-az-academia-by-twinz-coffee\/"},"author":{"name":"K\u00e1lm\u00e1n P\u00e9ter","@id":"https:\/\/www.academiaoffices.hu\/#\/schema\/person\/b17916ce2c0729ab139fc6a1978c9d26"},"headline":"\u00dajdons\u00e1gok az ACADEMIA-BAN: \u00e1tad\u00e1sra ker\u00fclt a NATARA \u00faj irod\u00e1ja \u00e9s megny\u00edlt az ACADEMIA by Twinz Coffee","datePublished":"2026-02-19T13:50:12+00:00","dateModified":"2026-02-19T13:51:05+00:00","mainEntityOfPage":{"@id":"https:\/\/www.academiaoffices.hu\/index.php\/2026\/02\/19\/ujdonsagok-az-academia-ban-atadasra-kerult-a-natara-uj-irodaja-es-megnyilt-az-academia-by-twinz-coffee\/"},"wordCount":502,"commentCount":0,"publisher":{"@id":"https:\/\/www.academiaoffices.hu\/#organization"},"image":{"@id":"https:\/\/www.academiaoffices.hu\/index.php\/2026\/02\/19\/ujdonsagok-az-academia-ban-atadasra-kerult-a-natara-uj-irodaja-es-megnyilt-az-academia-by-twinz-coffee\/#primaryimage"},"thumbnailUrl":"https:\/\/www.academiaoffices.hu\/wp-content\/uploads\/2026\/02\/pic.jpg","keywords":["academia","academiaoffices"],"articleSection":["H\u00cdREK"],"inLanguage":"hu","potentialAction":[{"@type":"CommentAction","name":"Comment","target":["https:\/\/www.academiaoffices.hu\/index.php\/2026\/02\/19\/ujdonsagok-az-academia-ban-atadasra-kerult-a-natara-uj-irodaja-es-megnyilt-az-academia-by-twinz-coffee\/#respond"]}]},{"@type":"WebPage","@id":"https:\/\/www.academiaoffices.hu\/index.php\/2026\/02\/19\/ujdonsagok-az-academia-ban-atadasra-kerult-a-natara-uj-irodaja-es-megnyilt-az-academia-by-twinz-coffee\/","url":"https:\/\/www.academiaoffices.hu\/index.php\/2026\/02\/19\/ujdonsagok-az-academia-ban-atadasra-kerult-a-natara-uj-irodaja-es-megnyilt-az-academia-by-twinz-coffee\/","name":"\u00dajdons\u00e1gok az ACADEMIA-BAN: \u00e1tad\u00e1sra ker\u00fclt a NATARA \u00faj irod\u00e1ja \u00e9s megny\u00edlt az ACADEMIA by Twinz Coffee - ACADEMIA offices","isPartOf":{"@id":"https:\/\/www.academiaoffices.hu\/#website"},"primaryImageOfPage":{"@id":"https:\/\/www.academiaoffices.hu\/index.php\/2026\/02\/19\/ujdonsagok-az-academia-ban-atadasra-kerult-a-natara-uj-irodaja-es-megnyilt-az-academia-by-twinz-coffee\/#primaryimage"},"image":{"@id":"https:\/\/www.academiaoffices.hu\/index.php\/2026\/02\/19\/ujdonsagok-az-academia-ban-atadasra-kerult-a-natara-uj-irodaja-es-megnyilt-az-academia-by-twinz-coffee\/#primaryimage"},"thumbnailUrl":"https:\/\/www.academiaoffices.hu\/wp-content\/uploads\/2026\/02\/pic.jpg","datePublished":"2026-02-19T13:50:12+00:00","dateModified":"2026-02-19T13:51:05+00:00","breadcrumb":{"@id":"https:\/\/www.academiaoffices.hu\/index.php\/2026\/02\/19\/ujdonsagok-az-academia-ban-atadasra-kerult-a-natara-uj-irodaja-es-megnyilt-az-academia-by-twinz-coffee\/#breadcrumb"},"inLanguage":"hu","potentialAction":[{"@type":"ReadAction","target":["https:\/\/www.academiaoffices.hu\/index.php\/2026\/02\/19\/ujdonsagok-az-academia-ban-atadasra-kerult-a-natara-uj-irodaja-es-megnyilt-az-academia-by-twinz-coffee\/"]}]},{"@type":"ImageObject","inLanguage":"hu","@id":"https:\/\/www.academiaoffices.hu\/index.php\/2026\/02\/19\/ujdonsagok-az-academia-ban-atadasra-kerult-a-natara-uj-irodaja-es-megnyilt-az-academia-by-twinz-coffee\/#primaryimage","url":"https:\/\/www.academiaoffices.hu\/wp-content\/uploads\/2026\/02\/pic.jpg","contentUrl":"https:\/\/www.academiaoffices.hu\/wp-content\/uploads\/2026\/02\/pic.jpg","width":1536,"height":1024},{"@type":"BreadcrumbList","@id":"https:\/\/www.academiaoffices.hu\/index.php\/2026\/02\/19\/ujdonsagok-az-academia-ban-atadasra-kerult-a-natara-uj-irodaja-es-megnyilt-az-academia-by-twinz-coffee\/#breadcrumb","itemListElement":[{"@type":"ListItem","position":1,"name":"Kezd\u0151lap","item":"https:\/\/www.academiaoffices.hu\/?lang=en"},{"@type":"ListItem","position":2,"name":"\u00dajdons\u00e1gok az ACADEMIA-BAN: \u00e1tad\u00e1sra ker\u00fclt a NATARA \u00faj irod\u00e1ja \u00e9s megny\u00edlt az ACADEMIA by Twinz Coffee"}]},{"@type":"WebSite","@id":"https:\/\/www.academiaoffices.hu\/#website","url":"https:\/\/www.academiaoffices.hu\/","name":"ACADEMIA offices","description":"Tradition meets modernity","publisher":{"@id":"https:\/\/www.academiaoffices.hu\/#organization"},"potentialAction":[{"@type":"SearchAction","target":{"@type":"EntryPoint","urlTemplate":"https:\/\/www.academiaoffices.hu\/?s={search_term_string}"},"query-input":{"@type":"PropertyValueSpecification","valueRequired":true,"valueName":"search_term_string"}}],"inLanguage":"hu"},{"@type":"Organization","@id":"https:\/\/www.academiaoffices.hu\/#organization","name":"ACADEMIA offices","url":"https:\/\/www.academiaoffices.hu\/","logo":{"@type":"ImageObject","inLanguage":"hu","@id":"https:\/\/www.academiaoffices.hu\/#\/schema\/logo\/image\/","url":"https:\/\/www.academiaoffices.hu\/wp-content\/uploads\/2022\/07\/Group1.png","contentUrl":"https:\/\/www.academiaoffices.hu\/wp-content\/uploads\/2022\/07\/Group1.png","width":99,"height":58,"caption":"ACADEMIA offices"},"image":{"@id":"https:\/\/www.academiaoffices.hu\/#\/schema\/logo\/image\/"}},{"@type":"Person","@id":"https:\/\/www.academiaoffices.hu\/#\/schema\/person\/b17916ce2c0729ab139fc6a1978c9d26","name":"K\u00e1lm\u00e1n P\u00e9ter","image":{"@type":"ImageObject","inLanguage":"hu","@id":"https:\/\/secure.gravatar.com\/avatar\/1371d1569983bf206405072611ff5a6a25ede378b5b26376344c3166c4e0d597?s=96&d=mm&r=g","url":"https:\/\/secure.gravatar.com\/avatar\/1371d1569983bf206405072611ff5a6a25ede378b5b26376344c3166c4e0d597?s=96&d=mm&r=g","contentUrl":"https:\/\/secure.gravatar.com\/avatar\/1371d1569983bf206405072611ff5a6a25ede378b5b26376344c3166c4e0d597?s=96&d=mm&r=g","caption":"K\u00e1lm\u00e1n P\u00e9ter"},"url":"https:\/\/www.academiaoffices.hu\/index.php\/author\/peter-kalmanwesterlike-com\/"}]}},"_links":{"self":[{"href":"https:\/\/www.academiaoffices.hu\/index.php\/wp-json\/wp\/v2\/posts\/3164","targetHints":{"allow":["GET"]}}],"collection":[{"href":"https:\/\/www.academiaoffices.hu\/index.php\/wp-json\/wp\/v2\/posts"}],"about":[{"href":"https:\/\/www.academiaoffices.hu\/index.php\/wp-json\/wp\/v2\/types\/post"}],"author":[{"embeddable":true,"href":"https:\/\/www.academiaoffices.hu\/index.php\/wp-json\/wp\/v2\/users\/9"}],"replies":[{"embeddable":true,"href":"https:\/\/www.academiaoffices.hu\/index.php\/wp-json\/wp\/v2\/comments?post=3164"}],"version-history":[{"count":2,"href":"https:\/\/www.academiaoffices.hu\/index.php\/wp-json\/wp\/v2\/posts\/3164\/revisions"}],"predecessor-version":[{"id":3166,"href":"https:\/\/www.academiaoffices.hu\/index.php\/wp-json\/wp\/v2\/posts\/3164\/revisions\/3166"}],"wp:featuredmedia":[{"embeddable":true,"href":"https:\/\/www.academiaoffices.hu\/index.php\/wp-json\/wp\/v2\/media\/3162"}],"wp:attachment":[{"href":"https:\/\/www.academiaoffices.hu\/index.php\/wp-json\/wp\/v2\/media?parent=3164"}],"wp:term":[{"taxonomy":"category","embeddable":true,"href":"https:\/\/www.academiaoffices.hu\/index.php\/wp-json\/wp\/v2\/categories?post=3164"},{"taxonomy":"post_tag","embeddable":true,"href":"https:\/\/www.academiaoffices.hu\/index.php\/wp-json\/wp\/v2\/tags?post=3164"}],"curies":[{"name":"wp","href":"https:\/\/api.w.org\/{rel}","templated":true}]}}