{"id":3054,"date":"2025-04-30T14:54:10","date_gmt":"2025-04-30T14:54:10","guid":{"rendered":"https:\/\/www.academiaoffices.hu\/?p=3054"},"modified":"2025-04-30T15:00:38","modified_gmt":"2025-04-30T15:00:38","slug":"megnyilt-az-academia-tetoterasza-az-epulet-modern-szarnya-elnyerte-a-well-core-platinum-minositest","status":"publish","type":"post","link":"https:\/\/www.academiaoffices.hu\/index.php\/2025\/04\/30\/megnyilt-az-academia-tetoterasza-az-epulet-modern-szarnya-elnyerte-a-well-core-platinum-minositest\/","title":{"rendered":"Megny\u00edlt az ACADEMIA tet\u0151terasza \u2013 az \u00e9p\u00fclet modern sz\u00e1rnya elnyerte a WELL Core\u2122 Platinum min\u0151s\u00edt\u00e9st"},"content":{"rendered":"\n<p><strong>A ConvergenCE \u00f6r\u00f6mmel jelenti be, hogy az ACADEMIA irodah\u00e1z \u00faj, panor\u00e1m\u00e1s tet\u0151terasza hivatalosan is megny\u00edlt a b\u00e9rl\u0151k sz\u00e1m\u00e1ra. A v\u00e1ros sz\u00edv\u00e9ben elhelyezked\u0151, inspir\u00e1l\u00f3 k\u00f6z\u00f6ss\u00e9gi t\u00e9r \u00faj lehet\u0151s\u00e9get k\u00edn\u00e1l pihen\u00e9sre, inform\u00e1lis megbesz\u00e9l\u00e9sekre \u00e9s felt\u00f6lt\u0151d\u00e9sre, tov\u00e1bb er\u0151s\u00edtve az \u00e9p\u00fclet emberk\u00f6zpont\u00fa funkci\u00f3it.<\/strong><\/p>\n\n\n\n<p>A fejleszt\u00e9s m\u00e9lt\u00f3 kieg\u00e9sz\u00edt\u0151je annak a rangos elismer\u00e9snek, amelyet az \u00e9p\u00fclet elnyert: az <strong>ACADEMIA Modern sz\u00e1rnya<\/strong> megkapta a <strong>WELL Core\u2122 Platinum tan\u00fas\u00edt\u00e1st<\/strong>, a <strong>legmagasabb szintet<\/strong> a vil\u00e1g egyik legismertebb, az emberi eg\u00e9szs\u00e9gre \u00e9s j\u00f3ll\u00e9tre f\u00f3kusz\u00e1l\u00f3 \u00e9p\u00fcletmin\u0151s\u00edt\u00e9si rendszer\u00e9ben.<\/p>\n\n\n\n<figure class=\"wp-block-image size-full\"><img fetchpriority=\"high\" decoding=\"async\" width=\"1000\" height=\"744\" src=\"https:\/\/www.academiaoffices.hu\/wp-content\/uploads\/2025\/04\/1000x744.jpg\" alt=\"\" class=\"wp-image-3058\" srcset=\"https:\/\/www.academiaoffices.hu\/wp-content\/uploads\/2025\/04\/1000x744.jpg 1000w, https:\/\/www.academiaoffices.hu\/wp-content\/uploads\/2025\/04\/1000x744-300x223.jpg 300w, https:\/\/www.academiaoffices.hu\/wp-content\/uploads\/2025\/04\/1000x744-768x571.jpg 768w\" sizes=\"(max-width: 1000px) 100vw, 1000px\" \/><\/figure>\n\n\n\n<p>Budapesten jelenleg mind\u00f6ssze <strong>\u00f6t irodah\u00e1z rendelkezik WELL Core\u2122 Platinum<\/strong> szint\u0171 min\u0151s\u00edt\u00e9ssel, ezek k\u00f6z\u00fcl <strong>n\u00e9gy \u00faj \u00e9p\u00fclet<\/strong>, m\u00edg <strong>az ACADEMIA az egyetlen fel\u00faj\u00edtott\/meglev\u0151 \u00e9p\u00fclet<\/strong>, amely el\u00e9rte ezt a szintet.A min\u0151s\u00edt\u00e9s sz\u00e1mos szempont alapj\u00e1n \u00e9rt\u00e9keli az \u00e9p\u00edtett k\u00f6rnyezet emberi eg\u00e9szs\u00e9gre gyakorolt hat\u00e1s\u00e1t \u2013 t\u00f6bbek k\u00f6z\u00f6tt a leveg\u0151- \u00e9s v\u00edzmin\u0151s\u00e9get, a term\u00e9szetes f\u00e9nyt, az akusztikai \u00e9s h\u0151komfortot, valamint a ment\u00e1lis j\u00f3ll\u00e9tet t\u00e1mogat\u00f3 megold\u00e1sokat.<\/p>\n\n\n\n<p>Az ACADEMIA projekt a ConvergenCE \u00e9s partnerei \u2013 k\u00f6zt\u00fck a <strong>Rewell Consulting (Kurucz Regina, WELL szak\u00e9rt\u0151)<\/strong> \u00e9s a Greenbors Consulting (<strong>Heged\u0171s Gabriella, fenntarthat\u00f3s\u00e1gi tan\u00e1csad\u00f3)<\/strong> \u2013 szoros egy\u00fcttm\u0171k\u00f6d\u00e9s\u00e9ben val\u00f3sult meg. Az irodah\u00e1z az <strong>Europa Fund<\/strong> tulajdon\u00e1ban \u00e1ll \u2013 ez\u00faton is k\u00f6sz\u00f6nj\u00fck a befektet\u0151 folyamatos t\u00e1mogat\u00e1s\u00e1t \u00e9s elk\u00f6telezetts\u00e9g\u00e9t a fenntarthat\u00f3 \u00e9s emberk\u00f6zpont\u00fa ingatlanfejleszt\u00e9sek ir\u00e1nt.A ConvergenCE sz\u00e1m\u00e1ra tov\u00e1bbra is priorit\u00e1s, hogy olyan modern munkak\u00f6rnyezeteket hozzon l\u00e9tre, amelyek nem csup\u00e1n eszt\u00e9tikai \u00e9s technikai szempontb\u00f3l felelnek meg a 21. sz\u00e1zad kih\u00edv\u00e1sainak, hanem a <strong>j\u00f3ll\u00e9t \u00e9s fenntarthat\u00f3s\u00e1g<\/strong> ir\u00e1nti elv\u00e1r\u00e1soknak is.<\/p>\n","protected":false},"excerpt":{"rendered":"<p>A ConvergenCE \u00f6r\u00f6mmel jelenti be, hogy az ACADEMIA irodah\u00e1z \u00faj, panor\u00e1m\u00e1s tet\u0151terasza hivatalosan is megny\u00edlt a b\u00e9rl\u0151k sz\u00e1m\u00e1ra. A v\u00e1ros sz\u00edv\u00e9ben elhelyezked\u0151, inspir\u00e1l\u00f3 k\u00f6z\u00f6ss\u00e9gi t\u00e9r \u00faj lehet\u0151s\u00e9get k\u00edn\u00e1l pihen\u00e9sre, inform\u00e1lis megbesz\u00e9l\u00e9sekre \u00e9s felt\u00f6lt\u0151d\u00e9sre, tov\u00e1bb er\u0151s\u00edtve az \u00e9p\u00fclet emberk\u00f6zpont\u00fa funkci\u00f3it.<\/p>\n","protected":false},"author":7,"featured_media":3055,"comment_status":"open","ping_status":"open","sticky":false,"template":"","format":"standard","meta":{"footnotes":""},"categories":[125,14],"tags":[31,32,148],"class_list":["post-3054","post","type-post","status-publish","format-standard","has-post-thumbnail","hentry","category-blog","category-news","tag-academia","tag-academiaoffices","tag-tetoterasz"],"yoast_head":"<!-- This site is optimized with the Yoast SEO plugin v27.3 - https:\/\/yoast.com\/product\/yoast-seo-wordpress\/ -->\n<title>Megny\u00edlt az ACADEMIA tet\u0151terasza \u2013 az \u00e9p\u00fclet modern sz\u00e1rnya elnyerte a WELL Core\u2122 Platinum min\u0151s\u00edt\u00e9st - ACADEMIA offices<\/title>\n<meta name=\"robots\" content=\"index, follow, max-snippet:-1, max-image-preview:large, max-video-preview:-1\" \/>\n<link rel=\"canonical\" href=\"https:\/\/www.academiaoffices.hu\/index.php\/2025\/04\/30\/megnyilt-az-academia-tetoterasza-az-epulet-modern-szarnya-elnyerte-a-well-core-platinum-minositest\/\" \/>\n<meta property=\"og:locale\" content=\"hu_HU\" \/>\n<meta property=\"og:type\" content=\"article\" \/>\n<meta property=\"og:title\" content=\"Megny\u00edlt az ACADEMIA tet\u0151terasza \u2013 az \u00e9p\u00fclet modern sz\u00e1rnya elnyerte a WELL Core\u2122 Platinum min\u0151s\u00edt\u00e9st - ACADEMIA offices\" \/>\n<meta property=\"og:description\" content=\"A ConvergenCE \u00f6r\u00f6mmel jelenti be, hogy az ACADEMIA irodah\u00e1z \u00faj, panor\u00e1m\u00e1s tet\u0151terasza hivatalosan is megny\u00edlt a b\u00e9rl\u0151k sz\u00e1m\u00e1ra. A v\u00e1ros sz\u00edv\u00e9ben elhelyezked\u0151, inspir\u00e1l\u00f3 k\u00f6z\u00f6ss\u00e9gi t\u00e9r \u00faj lehet\u0151s\u00e9get k\u00edn\u00e1l pihen\u00e9sre, inform\u00e1lis megbesz\u00e9l\u00e9sekre \u00e9s felt\u00f6lt\u0151d\u00e9sre, tov\u00e1bb er\u0151s\u00edtve az \u00e9p\u00fclet emberk\u00f6zpont\u00fa funkci\u00f3it.\" \/>\n<meta property=\"og:url\" content=\"https:\/\/www.academiaoffices.hu\/index.php\/2025\/04\/30\/megnyilt-az-academia-tetoterasza-az-epulet-modern-szarnya-elnyerte-a-well-core-platinum-minositest\/\" \/>\n<meta property=\"og:site_name\" content=\"ACADEMIA offices\" \/>\n<meta property=\"article:published_time\" content=\"2025-04-30T14:54:10+00:00\" \/>\n<meta property=\"article:modified_time\" content=\"2025-04-30T15:00:38+00:00\" \/>\n<meta property=\"og:image\" content=\"https:\/\/www.academiaoffices.hu\/wp-content\/uploads\/2025\/04\/1200x220.jpg\" \/>\n\t<meta property=\"og:image:width\" content=\"1200\" \/>\n\t<meta property=\"og:image:height\" content=\"220\" \/>\n\t<meta property=\"og:image:type\" content=\"image\/jpeg\" \/>\n<meta name=\"author\" content=\"kotsis.mark@publicrelations.hu\" \/>\n<meta name=\"twitter:card\" content=\"summary_large_image\" \/>\n<meta name=\"twitter:label1\" content=\"Szerz\u0151:\" \/>\n\t<meta name=\"twitter:data1\" content=\"kotsis.mark@publicrelations.hu\" \/>\n\t<meta name=\"twitter:label2\" content=\"Becs\u00fclt olvas\u00e1si id\u0151\" \/>\n\t<meta name=\"twitter:data2\" content=\"2 perc\" \/>\n<script type=\"application\/ld+json\" class=\"yoast-schema-graph\">{\"@context\":\"https:\\\/\\\/schema.org\",\"@graph\":[{\"@type\":\"Article\",\"@id\":\"https:\\\/\\\/www.academiaoffices.hu\\\/index.php\\\/2025\\\/04\\\/30\\\/megnyilt-az-academia-tetoterasza-az-epulet-modern-szarnya-elnyerte-a-well-core-platinum-minositest\\\/#article\",\"isPartOf\":{\"@id\":\"https:\\\/\\\/www.academiaoffices.hu\\\/index.php\\\/2025\\\/04\\\/30\\\/megnyilt-az-academia-tetoterasza-az-epulet-modern-szarnya-elnyerte-a-well-core-platinum-minositest\\\/\"},\"author\":{\"name\":\"kotsis.mark@publicrelations.hu\",\"@id\":\"https:\\\/\\\/www.academiaoffices.hu\\\/#\\\/schema\\\/person\\\/1a5cf18b7297059d5a6d897d02a5e155\"},\"headline\":\"Megny\u00edlt az ACADEMIA tet\u0151terasza \u2013 az \u00e9p\u00fclet modern sz\u00e1rnya elnyerte a WELL Core\u2122 Platinum min\u0151s\u00edt\u00e9st\",\"datePublished\":\"2025-04-30T14:54:10+00:00\",\"dateModified\":\"2025-04-30T15:00:38+00:00\",\"mainEntityOfPage\":{\"@id\":\"https:\\\/\\\/www.academiaoffices.hu\\\/index.php\\\/2025\\\/04\\\/30\\\/megnyilt-az-academia-tetoterasza-az-epulet-modern-szarnya-elnyerte-a-well-core-platinum-minositest\\\/\"},\"wordCount\":385,\"commentCount\":0,\"publisher\":{\"@id\":\"https:\\\/\\\/www.academiaoffices.hu\\\/#organization\"},\"image\":{\"@id\":\"https:\\\/\\\/www.academiaoffices.hu\\\/index.php\\\/2025\\\/04\\\/30\\\/megnyilt-az-academia-tetoterasza-az-epulet-modern-szarnya-elnyerte-a-well-core-platinum-minositest\\\/#primaryimage\"},\"thumbnailUrl\":\"https:\\\/\\\/www.academiaoffices.hu\\\/wp-content\\\/uploads\\\/2025\\\/04\\\/1200x220.jpg\",\"keywords\":[\"academia\",\"academiaoffices\",\"tet\u0151terasz\"],\"articleSection\":[\"BLOG\",\"H\u00cdREK\"],\"inLanguage\":\"hu\",\"potentialAction\":[{\"@type\":\"CommentAction\",\"name\":\"Comment\",\"target\":[\"https:\\\/\\\/www.academiaoffices.hu\\\/index.php\\\/2025\\\/04\\\/30\\\/megnyilt-az-academia-tetoterasza-az-epulet-modern-szarnya-elnyerte-a-well-core-platinum-minositest\\\/#respond\"]}]},{\"@type\":\"WebPage\",\"@id\":\"https:\\\/\\\/www.academiaoffices.hu\\\/index.php\\\/2025\\\/04\\\/30\\\/megnyilt-az-academia-tetoterasza-az-epulet-modern-szarnya-elnyerte-a-well-core-platinum-minositest\\\/\",\"url\":\"https:\\\/\\\/www.academiaoffices.hu\\\/index.php\\\/2025\\\/04\\\/30\\\/megnyilt-az-academia-tetoterasza-az-epulet-modern-szarnya-elnyerte-a-well-core-platinum-minositest\\\/\",\"name\":\"Megny\u00edlt az ACADEMIA tet\u0151terasza \u2013 az \u00e9p\u00fclet modern sz\u00e1rnya elnyerte a WELL Core\u2122 Platinum min\u0151s\u00edt\u00e9st - ACADEMIA offices\",\"isPartOf\":{\"@id\":\"https:\\\/\\\/www.academiaoffices.hu\\\/#website\"},\"primaryImageOfPage\":{\"@id\":\"https:\\\/\\\/www.academiaoffices.hu\\\/index.php\\\/2025\\\/04\\\/30\\\/megnyilt-az-academia-tetoterasza-az-epulet-modern-szarnya-elnyerte-a-well-core-platinum-minositest\\\/#primaryimage\"},\"image\":{\"@id\":\"https:\\\/\\\/www.academiaoffices.hu\\\/index.php\\\/2025\\\/04\\\/30\\\/megnyilt-az-academia-tetoterasza-az-epulet-modern-szarnya-elnyerte-a-well-core-platinum-minositest\\\/#primaryimage\"},\"thumbnailUrl\":\"https:\\\/\\\/www.academiaoffices.hu\\\/wp-content\\\/uploads\\\/2025\\\/04\\\/1200x220.jpg\",\"datePublished\":\"2025-04-30T14:54:10+00:00\",\"dateModified\":\"2025-04-30T15:00:38+00:00\",\"breadcrumb\":{\"@id\":\"https:\\\/\\\/www.academiaoffices.hu\\\/index.php\\\/2025\\\/04\\\/30\\\/megnyilt-az-academia-tetoterasza-az-epulet-modern-szarnya-elnyerte-a-well-core-platinum-minositest\\\/#breadcrumb\"},\"inLanguage\":\"hu\",\"potentialAction\":[{\"@type\":\"ReadAction\",\"target\":[\"https:\\\/\\\/www.academiaoffices.hu\\\/index.php\\\/2025\\\/04\\\/30\\\/megnyilt-az-academia-tetoterasza-az-epulet-modern-szarnya-elnyerte-a-well-core-platinum-minositest\\\/\"]}]},{\"@type\":\"ImageObject\",\"inLanguage\":\"hu\",\"@id\":\"https:\\\/\\\/www.academiaoffices.hu\\\/index.php\\\/2025\\\/04\\\/30\\\/megnyilt-az-academia-tetoterasza-az-epulet-modern-szarnya-elnyerte-a-well-core-platinum-minositest\\\/#primaryimage\",\"url\":\"https:\\\/\\\/www.academiaoffices.hu\\\/wp-content\\\/uploads\\\/2025\\\/04\\\/1200x220.jpg\",\"contentUrl\":\"https:\\\/\\\/www.academiaoffices.hu\\\/wp-content\\\/uploads\\\/2025\\\/04\\\/1200x220.jpg\",\"width\":1200,\"height\":220},{\"@type\":\"BreadcrumbList\",\"@id\":\"https:\\\/\\\/www.academiaoffices.hu\\\/index.php\\\/2025\\\/04\\\/30\\\/megnyilt-az-academia-tetoterasza-az-epulet-modern-szarnya-elnyerte-a-well-core-platinum-minositest\\\/#breadcrumb\",\"itemListElement\":[{\"@type\":\"ListItem\",\"position\":1,\"name\":\"Kezd\u0151lap\",\"item\":\"https:\\\/\\\/www.academiaoffices.hu\\\/?lang=en\"},{\"@type\":\"ListItem\",\"position\":2,\"name\":\"Megny\u00edlt az ACADEMIA tet\u0151terasza \u2013 az \u00e9p\u00fclet modern sz\u00e1rnya elnyerte a WELL Core\u2122 Platinum min\u0151s\u00edt\u00e9st\"}]},{\"@type\":\"WebSite\",\"@id\":\"https:\\\/\\\/www.academiaoffices.hu\\\/#website\",\"url\":\"https:\\\/\\\/www.academiaoffices.hu\\\/\",\"name\":\"ACADEMIA offices\",\"description\":\"Tradition meets modernity\",\"publisher\":{\"@id\":\"https:\\\/\\\/www.academiaoffices.hu\\\/#organization\"},\"potentialAction\":[{\"@type\":\"SearchAction\",\"target\":{\"@type\":\"EntryPoint\",\"urlTemplate\":\"https:\\\/\\\/www.academiaoffices.hu\\\/?s={search_term_string}\"},\"query-input\":{\"@type\":\"PropertyValueSpecification\",\"valueRequired\":true,\"valueName\":\"search_term_string\"}}],\"inLanguage\":\"hu\"},{\"@type\":\"Organization\",\"@id\":\"https:\\\/\\\/www.academiaoffices.hu\\\/#organization\",\"name\":\"ACADEMIA offices\",\"url\":\"https:\\\/\\\/www.academiaoffices.hu\\\/\",\"logo\":{\"@type\":\"ImageObject\",\"inLanguage\":\"hu\",\"@id\":\"https:\\\/\\\/www.academiaoffices.hu\\\/#\\\/schema\\\/logo\\\/image\\\/\",\"url\":\"https:\\\/\\\/www.academiaoffices.hu\\\/wp-content\\\/uploads\\\/2022\\\/07\\\/Group1.png\",\"contentUrl\":\"https:\\\/\\\/www.academiaoffices.hu\\\/wp-content\\\/uploads\\\/2022\\\/07\\\/Group1.png\",\"width\":99,\"height\":58,\"caption\":\"ACADEMIA offices\"},\"image\":{\"@id\":\"https:\\\/\\\/www.academiaoffices.hu\\\/#\\\/schema\\\/logo\\\/image\\\/\"}},{\"@type\":\"Person\",\"@id\":\"https:\\\/\\\/www.academiaoffices.hu\\\/#\\\/schema\\\/person\\\/1a5cf18b7297059d5a6d897d02a5e155\",\"name\":\"kotsis.mark@publicrelations.hu\",\"image\":{\"@type\":\"ImageObject\",\"inLanguage\":\"hu\",\"@id\":\"https:\\\/\\\/secure.gravatar.com\\\/avatar\\\/5b7cd67d52b0fd54f311831158b7b4721611fcfe845b0a23d34ec8712c3b98f8?s=96&d=mm&r=g\",\"url\":\"https:\\\/\\\/secure.gravatar.com\\\/avatar\\\/5b7cd67d52b0fd54f311831158b7b4721611fcfe845b0a23d34ec8712c3b98f8?s=96&d=mm&r=g\",\"contentUrl\":\"https:\\\/\\\/secure.gravatar.com\\\/avatar\\\/5b7cd67d52b0fd54f311831158b7b4721611fcfe845b0a23d34ec8712c3b98f8?s=96&d=mm&r=g\",\"caption\":\"kotsis.mark@publicrelations.hu\"},\"url\":\"https:\\\/\\\/www.academiaoffices.hu\\\/index.php\\\/author\\\/kotsis-markpublicrelations-hu\\\/\"}]}<\/script>\n<!-- \/ Yoast SEO plugin. -->","yoast_head_json":{"title":"Megny\u00edlt az ACADEMIA tet\u0151terasza \u2013 az \u00e9p\u00fclet modern sz\u00e1rnya elnyerte a WELL Core\u2122 Platinum min\u0151s\u00edt\u00e9st - ACADEMIA offices","robots":{"index":"index","follow":"follow","max-snippet":"max-snippet:-1","max-image-preview":"max-image-preview:large","max-video-preview":"max-video-preview:-1"},"canonical":"https:\/\/www.academiaoffices.hu\/index.php\/2025\/04\/30\/megnyilt-az-academia-tetoterasza-az-epulet-modern-szarnya-elnyerte-a-well-core-platinum-minositest\/","og_locale":"hu_HU","og_type":"article","og_title":"Megny\u00edlt az ACADEMIA tet\u0151terasza \u2013 az \u00e9p\u00fclet modern sz\u00e1rnya elnyerte a WELL Core\u2122 Platinum min\u0151s\u00edt\u00e9st - ACADEMIA offices","og_description":"A ConvergenCE \u00f6r\u00f6mmel jelenti be, hogy az ACADEMIA irodah\u00e1z \u00faj, panor\u00e1m\u00e1s tet\u0151terasza hivatalosan is megny\u00edlt a b\u00e9rl\u0151k sz\u00e1m\u00e1ra. A v\u00e1ros sz\u00edv\u00e9ben elhelyezked\u0151, inspir\u00e1l\u00f3 k\u00f6z\u00f6ss\u00e9gi t\u00e9r \u00faj lehet\u0151s\u00e9get k\u00edn\u00e1l pihen\u00e9sre, inform\u00e1lis megbesz\u00e9l\u00e9sekre \u00e9s felt\u00f6lt\u0151d\u00e9sre, tov\u00e1bb er\u0151s\u00edtve az \u00e9p\u00fclet emberk\u00f6zpont\u00fa funkci\u00f3it.","og_url":"https:\/\/www.academiaoffices.hu\/index.php\/2025\/04\/30\/megnyilt-az-academia-tetoterasza-az-epulet-modern-szarnya-elnyerte-a-well-core-platinum-minositest\/","og_site_name":"ACADEMIA offices","article_published_time":"2025-04-30T14:54:10+00:00","article_modified_time":"2025-04-30T15:00:38+00:00","og_image":[{"width":1200,"height":220,"url":"https:\/\/www.academiaoffices.hu\/wp-content\/uploads\/2025\/04\/1200x220.jpg","type":"image\/jpeg"}],"author":"kotsis.mark@publicrelations.hu","twitter_card":"summary_large_image","twitter_misc":{"Szerz\u0151:":"kotsis.mark@publicrelations.hu","Becs\u00fclt olvas\u00e1si id\u0151":"2 perc"},"schema":{"@context":"https:\/\/schema.org","@graph":[{"@type":"Article","@id":"https:\/\/www.academiaoffices.hu\/index.php\/2025\/04\/30\/megnyilt-az-academia-tetoterasza-az-epulet-modern-szarnya-elnyerte-a-well-core-platinum-minositest\/#article","isPartOf":{"@id":"https:\/\/www.academiaoffices.hu\/index.php\/2025\/04\/30\/megnyilt-az-academia-tetoterasza-az-epulet-modern-szarnya-elnyerte-a-well-core-platinum-minositest\/"},"author":{"name":"kotsis.mark@publicrelations.hu","@id":"https:\/\/www.academiaoffices.hu\/#\/schema\/person\/1a5cf18b7297059d5a6d897d02a5e155"},"headline":"Megny\u00edlt az ACADEMIA tet\u0151terasza \u2013 az \u00e9p\u00fclet modern sz\u00e1rnya elnyerte a WELL Core\u2122 Platinum min\u0151s\u00edt\u00e9st","datePublished":"2025-04-30T14:54:10+00:00","dateModified":"2025-04-30T15:00:38+00:00","mainEntityOfPage":{"@id":"https:\/\/www.academiaoffices.hu\/index.php\/2025\/04\/30\/megnyilt-az-academia-tetoterasza-az-epulet-modern-szarnya-elnyerte-a-well-core-platinum-minositest\/"},"wordCount":385,"commentCount":0,"publisher":{"@id":"https:\/\/www.academiaoffices.hu\/#organization"},"image":{"@id":"https:\/\/www.academiaoffices.hu\/index.php\/2025\/04\/30\/megnyilt-az-academia-tetoterasza-az-epulet-modern-szarnya-elnyerte-a-well-core-platinum-minositest\/#primaryimage"},"thumbnailUrl":"https:\/\/www.academiaoffices.hu\/wp-content\/uploads\/2025\/04\/1200x220.jpg","keywords":["academia","academiaoffices","tet\u0151terasz"],"articleSection":["BLOG","H\u00cdREK"],"inLanguage":"hu","potentialAction":[{"@type":"CommentAction","name":"Comment","target":["https:\/\/www.academiaoffices.hu\/index.php\/2025\/04\/30\/megnyilt-az-academia-tetoterasza-az-epulet-modern-szarnya-elnyerte-a-well-core-platinum-minositest\/#respond"]}]},{"@type":"WebPage","@id":"https:\/\/www.academiaoffices.hu\/index.php\/2025\/04\/30\/megnyilt-az-academia-tetoterasza-az-epulet-modern-szarnya-elnyerte-a-well-core-platinum-minositest\/","url":"https:\/\/www.academiaoffices.hu\/index.php\/2025\/04\/30\/megnyilt-az-academia-tetoterasza-az-epulet-modern-szarnya-elnyerte-a-well-core-platinum-minositest\/","name":"Megny\u00edlt az ACADEMIA tet\u0151terasza \u2013 az \u00e9p\u00fclet modern sz\u00e1rnya elnyerte a WELL Core\u2122 Platinum min\u0151s\u00edt\u00e9st - ACADEMIA offices","isPartOf":{"@id":"https:\/\/www.academiaoffices.hu\/#website"},"primaryImageOfPage":{"@id":"https:\/\/www.academiaoffices.hu\/index.php\/2025\/04\/30\/megnyilt-az-academia-tetoterasza-az-epulet-modern-szarnya-elnyerte-a-well-core-platinum-minositest\/#primaryimage"},"image":{"@id":"https:\/\/www.academiaoffices.hu\/index.php\/2025\/04\/30\/megnyilt-az-academia-tetoterasza-az-epulet-modern-szarnya-elnyerte-a-well-core-platinum-minositest\/#primaryimage"},"thumbnailUrl":"https:\/\/www.academiaoffices.hu\/wp-content\/uploads\/2025\/04\/1200x220.jpg","datePublished":"2025-04-30T14:54:10+00:00","dateModified":"2025-04-30T15:00:38+00:00","breadcrumb":{"@id":"https:\/\/www.academiaoffices.hu\/index.php\/2025\/04\/30\/megnyilt-az-academia-tetoterasza-az-epulet-modern-szarnya-elnyerte-a-well-core-platinum-minositest\/#breadcrumb"},"inLanguage":"hu","potentialAction":[{"@type":"ReadAction","target":["https:\/\/www.academiaoffices.hu\/index.php\/2025\/04\/30\/megnyilt-az-academia-tetoterasza-az-epulet-modern-szarnya-elnyerte-a-well-core-platinum-minositest\/"]}]},{"@type":"ImageObject","inLanguage":"hu","@id":"https:\/\/www.academiaoffices.hu\/index.php\/2025\/04\/30\/megnyilt-az-academia-tetoterasza-az-epulet-modern-szarnya-elnyerte-a-well-core-platinum-minositest\/#primaryimage","url":"https:\/\/www.academiaoffices.hu\/wp-content\/uploads\/2025\/04\/1200x220.jpg","contentUrl":"https:\/\/www.academiaoffices.hu\/wp-content\/uploads\/2025\/04\/1200x220.jpg","width":1200,"height":220},{"@type":"BreadcrumbList","@id":"https:\/\/www.academiaoffices.hu\/index.php\/2025\/04\/30\/megnyilt-az-academia-tetoterasza-az-epulet-modern-szarnya-elnyerte-a-well-core-platinum-minositest\/#breadcrumb","itemListElement":[{"@type":"ListItem","position":1,"name":"Kezd\u0151lap","item":"https:\/\/www.academiaoffices.hu\/?lang=en"},{"@type":"ListItem","position":2,"name":"Megny\u00edlt az ACADEMIA tet\u0151terasza \u2013 az \u00e9p\u00fclet modern sz\u00e1rnya elnyerte a WELL Core\u2122 Platinum min\u0151s\u00edt\u00e9st"}]},{"@type":"WebSite","@id":"https:\/\/www.academiaoffices.hu\/#website","url":"https:\/\/www.academiaoffices.hu\/","name":"ACADEMIA offices","description":"Tradition meets modernity","publisher":{"@id":"https:\/\/www.academiaoffices.hu\/#organization"},"potentialAction":[{"@type":"SearchAction","target":{"@type":"EntryPoint","urlTemplate":"https:\/\/www.academiaoffices.hu\/?s={search_term_string}"},"query-input":{"@type":"PropertyValueSpecification","valueRequired":true,"valueName":"search_term_string"}}],"inLanguage":"hu"},{"@type":"Organization","@id":"https:\/\/www.academiaoffices.hu\/#organization","name":"ACADEMIA offices","url":"https:\/\/www.academiaoffices.hu\/","logo":{"@type":"ImageObject","inLanguage":"hu","@id":"https:\/\/www.academiaoffices.hu\/#\/schema\/logo\/image\/","url":"https:\/\/www.academiaoffices.hu\/wp-content\/uploads\/2022\/07\/Group1.png","contentUrl":"https:\/\/www.academiaoffices.hu\/wp-content\/uploads\/2022\/07\/Group1.png","width":99,"height":58,"caption":"ACADEMIA offices"},"image":{"@id":"https:\/\/www.academiaoffices.hu\/#\/schema\/logo\/image\/"}},{"@type":"Person","@id":"https:\/\/www.academiaoffices.hu\/#\/schema\/person\/1a5cf18b7297059d5a6d897d02a5e155","name":"kotsis.mark@publicrelations.hu","image":{"@type":"ImageObject","inLanguage":"hu","@id":"https:\/\/secure.gravatar.com\/avatar\/5b7cd67d52b0fd54f311831158b7b4721611fcfe845b0a23d34ec8712c3b98f8?s=96&d=mm&r=g","url":"https:\/\/secure.gravatar.com\/avatar\/5b7cd67d52b0fd54f311831158b7b4721611fcfe845b0a23d34ec8712c3b98f8?s=96&d=mm&r=g","contentUrl":"https:\/\/secure.gravatar.com\/avatar\/5b7cd67d52b0fd54f311831158b7b4721611fcfe845b0a23d34ec8712c3b98f8?s=96&d=mm&r=g","caption":"kotsis.mark@publicrelations.hu"},"url":"https:\/\/www.academiaoffices.hu\/index.php\/author\/kotsis-markpublicrelations-hu\/"}]}},"_links":{"self":[{"href":"https:\/\/www.academiaoffices.hu\/index.php\/wp-json\/wp\/v2\/posts\/3054","targetHints":{"allow":["GET"]}}],"collection":[{"href":"https:\/\/www.academiaoffices.hu\/index.php\/wp-json\/wp\/v2\/posts"}],"about":[{"href":"https:\/\/www.academiaoffices.hu\/index.php\/wp-json\/wp\/v2\/types\/post"}],"author":[{"embeddable":true,"href":"https:\/\/www.academiaoffices.hu\/index.php\/wp-json\/wp\/v2\/users\/7"}],"replies":[{"embeddable":true,"href":"https:\/\/www.academiaoffices.hu\/index.php\/wp-json\/wp\/v2\/comments?post=3054"}],"version-history":[{"count":2,"href":"https:\/\/www.academiaoffices.hu\/index.php\/wp-json\/wp\/v2\/posts\/3054\/revisions"}],"predecessor-version":[{"id":3061,"href":"https:\/\/www.academiaoffices.hu\/index.php\/wp-json\/wp\/v2\/posts\/3054\/revisions\/3061"}],"wp:featuredmedia":[{"embeddable":true,"href":"https:\/\/www.academiaoffices.hu\/index.php\/wp-json\/wp\/v2\/media\/3055"}],"wp:attachment":[{"href":"https:\/\/www.academiaoffices.hu\/index.php\/wp-json\/wp\/v2\/media?parent=3054"}],"wp:term":[{"taxonomy":"category","embeddable":true,"href":"https:\/\/www.academiaoffices.hu\/index.php\/wp-json\/wp\/v2\/categories?post=3054"},{"taxonomy":"post_tag","embeddable":true,"href":"https:\/\/www.academiaoffices.hu\/index.php\/wp-json\/wp\/v2\/tags?post=3054"}],"curies":[{"name":"wp","href":"https:\/\/api.w.org\/{rel}","templated":true}]}}