{"id":3048,"date":"2025-04-24T04:59:51","date_gmt":"2025-04-24T04:59:51","guid":{"rendered":"https:\/\/www.academiaoffices.hu\/?p=3048"},"modified":"2025-04-24T05:03:07","modified_gmt":"2025-04-24T05:03:07","slug":"well-summit-2025-megterul-e-az-egeszsegbe-fektetni-a-convergence-valasza-varsobol","status":"publish","type":"post","link":"https:\/\/www.academiaoffices.hu\/index.php\/2025\/04\/24\/well-summit-2025-megterul-e-az-egeszsegbe-fektetni-a-convergence-valasza-varsobol\/","title":{"rendered":"WELL Summit 2025: Megt\u00e9r\u00fcl-e az eg\u00e9szs\u00e9gbe fektetni? A ConvergenCE v\u00e1lasza Vars\u00f3b\u00f3l"},"content":{"rendered":"\n<p><strong>A F\u00f6ld Napja alkalm\u00e1b\u00f3l mi is szeretn\u00e9nk felh\u00edvni a figyelmet arra, hogy a fenntarthat\u00f3s\u00e1g \u00e9s az eg\u00e9szs\u00e9g nemcsak \u00e9rt\u00e9kek, hanem hossz\u00fa t\u00e1von megt\u00e9r\u00fcl\u0151 befektet\u00e9sek is. E szeml\u00e9letet k\u00e9pviselte a ConvergenCE is a rangos WELL Regional Summit 2025 konferenci\u00e1n, amelyet \u00e1prilis 9-\u00e9n rendeztek meg Vars\u00f3ban, az International WELL Building Institute (IWBI) szervez\u00e9s\u00e9ben.<\/strong><\/p>\n\n\n\n<p>Az esem\u00e9ny f\u00f3kusz\u00e1ban az eg\u00e9szs\u00e9ges munka- \u00e9s \u00e9letterek j\u00f6v\u0151je \u00e1llt, k\u00fcl\u00f6n\u00f6s tekintettel arra, hogyan v\u00e1lhat a j\u00f3ll\u00e9t \u00e9s a fenntarthat\u00f3s\u00e1g a befektet\u00e9si \u00e9s fejleszt\u00e9si d\u00f6nt\u00e9sek szerves r\u00e9sz\u00e9v\u00e9.<\/p>\n\n\n\n<p>A rendezv\u00e9nyen Kurucz Regina, a ConvergenCE k\u00fcls\u0151s WELL szak\u00e9rt\u0151je \u00e9s konzulense vett r\u00e9szt el\u0151ad\u00f3k\u00e9nt. El\u0151ad\u00e1s\u00e1ban az ACADEMIA irodah\u00e1zat emelte ki, mint szeml\u00e9letes p\u00e9ld\u00e1t arra, hogyan lehet a k\u00f6rnyezettudatos \u00e9s eg\u00e9szs\u00e9gt\u00e1mogat\u00f3 megold\u00e1sokat sikeresen \u00f6tv\u00f6zni a gazdas\u00e1gilag is fenntarthat\u00f3 ingatlanfejleszt\u00e9ssel. Az el\u0151ad\u00e1s szakmai el\u0151k\u00e9sz\u00edt\u00e9s\u00e9ben Ligetv\u00e1ri Zolt\u00e1n, a ConvergenCE befektet\u00e9si igazgat\u00f3ja is k\u00f6zrem\u0171k\u00f6d\u00f6tt tan\u00e1csad\u00f3k\u00e9nt.<\/p>\n\n\n\n<p>A konferenci\u00e1n elhangzottak meger\u0151s\u00edtett\u00e9k: a WELL min\u0151s\u00edt\u00e9s ma m\u00e1r nem csup\u00e1n versenyel\u0151ny, hanem egyre ink\u00e1bb alapelv\u00e1r\u00e1s \u2013 a b\u00e9rl\u0151k, a munkav\u00e1llal\u00f3k, a befektet\u0151k \u00e9s a v\u00e1roslak\u00f3k r\u00e9sz\u00e9r\u0151l egyar\u00e1nt. A j\u00f3l\u00e9ti szempontokat el\u0151t\u00e9rbe helyez\u0151 ingatlanok nemcsak a produktivit\u00e1st \u00e9s az el\u00e9gedetts\u00e9get n\u00f6velik, hanem hozz\u00e1j\u00e1rulnak a v\u00e1llalati kult\u00fara \u00e9s a k\u00f6z\u00f6ss\u00e9gi \u00e9rt\u00e9kek meger\u0151s\u00edt\u00e9s\u00e9hez is.<\/p>\n\n\n\n<p>A ConvergenCE c\u00e9lja egy\u00e9rtelm\u0171: olyan fenntarthat\u00f3 \u00e9s eg\u00e9szs\u00e9gtudatos terek l\u00e9trehoz\u00e1sa, amelyek hossz\u00fa t\u00e1von \u00e9rt\u00e9ket teremtenek a v\u00e1rosi k\u00f6rnyezetben \u00e9l\u0151k, dolgoz\u00f3k \u00e9s befektet\u0151k sz\u00e1m\u00e1ra egyar\u00e1nt \u2013 a F\u00f6ld Napj\u00e1n k\u00fcl\u00f6n\u00f6sen aktu\u00e1lis \u00fczenetk\u00e9nt.a<\/p>\n","protected":false},"excerpt":{"rendered":"<p>A F\u00f6ld Napja alkalm\u00e1b\u00f3l mi is szeretn\u00e9nk felh\u00edvni a figyelmet arra, hogy a fenntarthat\u00f3s\u00e1g \u00e9s az eg\u00e9szs\u00e9g nemcsak \u00e9rt\u00e9kek, hanem hossz\u00fa t\u00e1von megt\u00e9r\u00fcl\u0151 befektet\u00e9sek is.<\/p>\n","protected":false},"author":7,"featured_media":3049,"comment_status":"open","ping_status":"open","sticky":false,"template":"","format":"standard","meta":{"footnotes":""},"categories":[14],"tags":[142,143,144],"class_list":["post-3048","post","type-post","status-publish","format-standard","has-post-thumbnail","hentry","category-news","tag-convergence","tag-fold-napja","tag-well-minosites"],"yoast_head":"<!-- This site is optimized with the Yoast SEO plugin v27.3 - https:\/\/yoast.com\/product\/yoast-seo-wordpress\/ -->\n<title>WELL Summit 2025: Megt\u00e9r\u00fcl-e az eg\u00e9szs\u00e9gbe fektetni? A ConvergenCE v\u00e1lasza Vars\u00f3b\u00f3l - ACADEMIA offices<\/title>\n<meta name=\"robots\" content=\"index, follow, max-snippet:-1, max-image-preview:large, max-video-preview:-1\" \/>\n<link rel=\"canonical\" href=\"https:\/\/www.academiaoffices.hu\/index.php\/2025\/04\/24\/well-summit-2025-megterul-e-az-egeszsegbe-fektetni-a-convergence-valasza-varsobol\/\" \/>\n<meta property=\"og:locale\" content=\"hu_HU\" \/>\n<meta property=\"og:type\" content=\"article\" \/>\n<meta property=\"og:title\" content=\"WELL Summit 2025: Megt\u00e9r\u00fcl-e az eg\u00e9szs\u00e9gbe fektetni? A ConvergenCE v\u00e1lasza Vars\u00f3b\u00f3l - ACADEMIA offices\" \/>\n<meta property=\"og:description\" content=\"A F\u00f6ld Napja alkalm\u00e1b\u00f3l mi is szeretn\u00e9nk felh\u00edvni a figyelmet arra, hogy a fenntarthat\u00f3s\u00e1g \u00e9s az eg\u00e9szs\u00e9g nemcsak \u00e9rt\u00e9kek, hanem hossz\u00fa t\u00e1von megt\u00e9r\u00fcl\u0151 befektet\u00e9sek is.\" \/>\n<meta property=\"og:url\" content=\"https:\/\/www.academiaoffices.hu\/index.php\/2025\/04\/24\/well-summit-2025-megterul-e-az-egeszsegbe-fektetni-a-convergence-valasza-varsobol\/\" \/>\n<meta property=\"og:site_name\" content=\"ACADEMIA offices\" \/>\n<meta property=\"article:published_time\" content=\"2025-04-24T04:59:51+00:00\" \/>\n<meta property=\"article:modified_time\" content=\"2025-04-24T05:03:07+00:00\" \/>\n<meta property=\"og:image\" content=\"https:\/\/www.academiaoffices.hu\/wp-content\/uploads\/2025\/04\/BT_20231215_Academia_093-Edit.jpg\" \/>\n\t<meta property=\"og:image:width\" content=\"1196\" \/>\n\t<meta property=\"og:image:height\" content=\"798\" \/>\n\t<meta property=\"og:image:type\" content=\"image\/jpeg\" \/>\n<meta name=\"author\" content=\"kotsis.mark@publicrelations.hu\" \/>\n<meta name=\"twitter:card\" content=\"summary_large_image\" \/>\n<meta name=\"twitter:label1\" content=\"Szerz\u0151:\" \/>\n\t<meta name=\"twitter:data1\" content=\"kotsis.mark@publicrelations.hu\" \/>\n<script type=\"application\/ld+json\" class=\"yoast-schema-graph\">{\"@context\":\"https:\\\/\\\/schema.org\",\"@graph\":[{\"@type\":\"Article\",\"@id\":\"https:\\\/\\\/www.academiaoffices.hu\\\/index.php\\\/2025\\\/04\\\/24\\\/well-summit-2025-megterul-e-az-egeszsegbe-fektetni-a-convergence-valasza-varsobol\\\/#article\",\"isPartOf\":{\"@id\":\"https:\\\/\\\/www.academiaoffices.hu\\\/index.php\\\/2025\\\/04\\\/24\\\/well-summit-2025-megterul-e-az-egeszsegbe-fektetni-a-convergence-valasza-varsobol\\\/\"},\"author\":{\"name\":\"kotsis.mark@publicrelations.hu\",\"@id\":\"https:\\\/\\\/www.academiaoffices.hu\\\/#\\\/schema\\\/person\\\/1a5cf18b7297059d5a6d897d02a5e155\"},\"headline\":\"WELL Summit 2025: Megt\u00e9r\u00fcl-e az eg\u00e9szs\u00e9gbe fektetni? A ConvergenCE v\u00e1lasza Vars\u00f3b\u00f3l\",\"datePublished\":\"2025-04-24T04:59:51+00:00\",\"dateModified\":\"2025-04-24T05:03:07+00:00\",\"mainEntityOfPage\":{\"@id\":\"https:\\\/\\\/www.academiaoffices.hu\\\/index.php\\\/2025\\\/04\\\/24\\\/well-summit-2025-megterul-e-az-egeszsegbe-fektetni-a-convergence-valasza-varsobol\\\/\"},\"wordCount\":378,\"commentCount\":0,\"publisher\":{\"@id\":\"https:\\\/\\\/www.academiaoffices.hu\\\/#organization\"},\"image\":{\"@id\":\"https:\\\/\\\/www.academiaoffices.hu\\\/index.php\\\/2025\\\/04\\\/24\\\/well-summit-2025-megterul-e-az-egeszsegbe-fektetni-a-convergence-valasza-varsobol\\\/#primaryimage\"},\"thumbnailUrl\":\"https:\\\/\\\/www.academiaoffices.hu\\\/wp-content\\\/uploads\\\/2025\\\/04\\\/BT_20231215_Academia_093-Edit.jpg\",\"keywords\":[\"convergence\",\"f\u00f6ld napja\",\"well min\u0151s\u00edt\u00e9s\"],\"articleSection\":[\"H\u00cdREK\"],\"inLanguage\":\"hu\",\"potentialAction\":[{\"@type\":\"CommentAction\",\"name\":\"Comment\",\"target\":[\"https:\\\/\\\/www.academiaoffices.hu\\\/index.php\\\/2025\\\/04\\\/24\\\/well-summit-2025-megterul-e-az-egeszsegbe-fektetni-a-convergence-valasza-varsobol\\\/#respond\"]}]},{\"@type\":\"WebPage\",\"@id\":\"https:\\\/\\\/www.academiaoffices.hu\\\/index.php\\\/2025\\\/04\\\/24\\\/well-summit-2025-megterul-e-az-egeszsegbe-fektetni-a-convergence-valasza-varsobol\\\/\",\"url\":\"https:\\\/\\\/www.academiaoffices.hu\\\/index.php\\\/2025\\\/04\\\/24\\\/well-summit-2025-megterul-e-az-egeszsegbe-fektetni-a-convergence-valasza-varsobol\\\/\",\"name\":\"WELL Summit 2025: Megt\u00e9r\u00fcl-e az eg\u00e9szs\u00e9gbe fektetni? A ConvergenCE v\u00e1lasza Vars\u00f3b\u00f3l - ACADEMIA offices\",\"isPartOf\":{\"@id\":\"https:\\\/\\\/www.academiaoffices.hu\\\/#website\"},\"primaryImageOfPage\":{\"@id\":\"https:\\\/\\\/www.academiaoffices.hu\\\/index.php\\\/2025\\\/04\\\/24\\\/well-summit-2025-megterul-e-az-egeszsegbe-fektetni-a-convergence-valasza-varsobol\\\/#primaryimage\"},\"image\":{\"@id\":\"https:\\\/\\\/www.academiaoffices.hu\\\/index.php\\\/2025\\\/04\\\/24\\\/well-summit-2025-megterul-e-az-egeszsegbe-fektetni-a-convergence-valasza-varsobol\\\/#primaryimage\"},\"thumbnailUrl\":\"https:\\\/\\\/www.academiaoffices.hu\\\/wp-content\\\/uploads\\\/2025\\\/04\\\/BT_20231215_Academia_093-Edit.jpg\",\"datePublished\":\"2025-04-24T04:59:51+00:00\",\"dateModified\":\"2025-04-24T05:03:07+00:00\",\"breadcrumb\":{\"@id\":\"https:\\\/\\\/www.academiaoffices.hu\\\/index.php\\\/2025\\\/04\\\/24\\\/well-summit-2025-megterul-e-az-egeszsegbe-fektetni-a-convergence-valasza-varsobol\\\/#breadcrumb\"},\"inLanguage\":\"hu\",\"potentialAction\":[{\"@type\":\"ReadAction\",\"target\":[\"https:\\\/\\\/www.academiaoffices.hu\\\/index.php\\\/2025\\\/04\\\/24\\\/well-summit-2025-megterul-e-az-egeszsegbe-fektetni-a-convergence-valasza-varsobol\\\/\"]}]},{\"@type\":\"ImageObject\",\"inLanguage\":\"hu\",\"@id\":\"https:\\\/\\\/www.academiaoffices.hu\\\/index.php\\\/2025\\\/04\\\/24\\\/well-summit-2025-megterul-e-az-egeszsegbe-fektetni-a-convergence-valasza-varsobol\\\/#primaryimage\",\"url\":\"https:\\\/\\\/www.academiaoffices.hu\\\/wp-content\\\/uploads\\\/2025\\\/04\\\/BT_20231215_Academia_093-Edit.jpg\",\"contentUrl\":\"https:\\\/\\\/www.academiaoffices.hu\\\/wp-content\\\/uploads\\\/2025\\\/04\\\/BT_20231215_Academia_093-Edit.jpg\",\"width\":1196,\"height\":798},{\"@type\":\"BreadcrumbList\",\"@id\":\"https:\\\/\\\/www.academiaoffices.hu\\\/index.php\\\/2025\\\/04\\\/24\\\/well-summit-2025-megterul-e-az-egeszsegbe-fektetni-a-convergence-valasza-varsobol\\\/#breadcrumb\",\"itemListElement\":[{\"@type\":\"ListItem\",\"position\":1,\"name\":\"Kezd\u0151lap\",\"item\":\"https:\\\/\\\/www.academiaoffices.hu\\\/?lang=en\"},{\"@type\":\"ListItem\",\"position\":2,\"name\":\"WELL Summit 2025: Megt\u00e9r\u00fcl-e az eg\u00e9szs\u00e9gbe fektetni? A ConvergenCE v\u00e1lasza Vars\u00f3b\u00f3l\"}]},{\"@type\":\"WebSite\",\"@id\":\"https:\\\/\\\/www.academiaoffices.hu\\\/#website\",\"url\":\"https:\\\/\\\/www.academiaoffices.hu\\\/\",\"name\":\"ACADEMIA offices\",\"description\":\"Tradition meets modernity\",\"publisher\":{\"@id\":\"https:\\\/\\\/www.academiaoffices.hu\\\/#organization\"},\"potentialAction\":[{\"@type\":\"SearchAction\",\"target\":{\"@type\":\"EntryPoint\",\"urlTemplate\":\"https:\\\/\\\/www.academiaoffices.hu\\\/?s={search_term_string}\"},\"query-input\":{\"@type\":\"PropertyValueSpecification\",\"valueRequired\":true,\"valueName\":\"search_term_string\"}}],\"inLanguage\":\"hu\"},{\"@type\":\"Organization\",\"@id\":\"https:\\\/\\\/www.academiaoffices.hu\\\/#organization\",\"name\":\"ACADEMIA offices\",\"url\":\"https:\\\/\\\/www.academiaoffices.hu\\\/\",\"logo\":{\"@type\":\"ImageObject\",\"inLanguage\":\"hu\",\"@id\":\"https:\\\/\\\/www.academiaoffices.hu\\\/#\\\/schema\\\/logo\\\/image\\\/\",\"url\":\"https:\\\/\\\/www.academiaoffices.hu\\\/wp-content\\\/uploads\\\/2022\\\/07\\\/Group1.png\",\"contentUrl\":\"https:\\\/\\\/www.academiaoffices.hu\\\/wp-content\\\/uploads\\\/2022\\\/07\\\/Group1.png\",\"width\":99,\"height\":58,\"caption\":\"ACADEMIA offices\"},\"image\":{\"@id\":\"https:\\\/\\\/www.academiaoffices.hu\\\/#\\\/schema\\\/logo\\\/image\\\/\"}},{\"@type\":\"Person\",\"@id\":\"https:\\\/\\\/www.academiaoffices.hu\\\/#\\\/schema\\\/person\\\/1a5cf18b7297059d5a6d897d02a5e155\",\"name\":\"kotsis.mark@publicrelations.hu\",\"image\":{\"@type\":\"ImageObject\",\"inLanguage\":\"hu\",\"@id\":\"https:\\\/\\\/secure.gravatar.com\\\/avatar\\\/5b7cd67d52b0fd54f311831158b7b4721611fcfe845b0a23d34ec8712c3b98f8?s=96&d=mm&r=g\",\"url\":\"https:\\\/\\\/secure.gravatar.com\\\/avatar\\\/5b7cd67d52b0fd54f311831158b7b4721611fcfe845b0a23d34ec8712c3b98f8?s=96&d=mm&r=g\",\"contentUrl\":\"https:\\\/\\\/secure.gravatar.com\\\/avatar\\\/5b7cd67d52b0fd54f311831158b7b4721611fcfe845b0a23d34ec8712c3b98f8?s=96&d=mm&r=g\",\"caption\":\"kotsis.mark@publicrelations.hu\"},\"url\":\"https:\\\/\\\/www.academiaoffices.hu\\\/index.php\\\/author\\\/kotsis-markpublicrelations-hu\\\/\"}]}<\/script>\n<!-- \/ Yoast SEO plugin. -->","yoast_head_json":{"title":"WELL Summit 2025: Megt\u00e9r\u00fcl-e az eg\u00e9szs\u00e9gbe fektetni? A ConvergenCE v\u00e1lasza Vars\u00f3b\u00f3l - ACADEMIA offices","robots":{"index":"index","follow":"follow","max-snippet":"max-snippet:-1","max-image-preview":"max-image-preview:large","max-video-preview":"max-video-preview:-1"},"canonical":"https:\/\/www.academiaoffices.hu\/index.php\/2025\/04\/24\/well-summit-2025-megterul-e-az-egeszsegbe-fektetni-a-convergence-valasza-varsobol\/","og_locale":"hu_HU","og_type":"article","og_title":"WELL Summit 2025: Megt\u00e9r\u00fcl-e az eg\u00e9szs\u00e9gbe fektetni? A ConvergenCE v\u00e1lasza Vars\u00f3b\u00f3l - ACADEMIA offices","og_description":"A F\u00f6ld Napja alkalm\u00e1b\u00f3l mi is szeretn\u00e9nk felh\u00edvni a figyelmet arra, hogy a fenntarthat\u00f3s\u00e1g \u00e9s az eg\u00e9szs\u00e9g nemcsak \u00e9rt\u00e9kek, hanem hossz\u00fa t\u00e1von megt\u00e9r\u00fcl\u0151 befektet\u00e9sek is.","og_url":"https:\/\/www.academiaoffices.hu\/index.php\/2025\/04\/24\/well-summit-2025-megterul-e-az-egeszsegbe-fektetni-a-convergence-valasza-varsobol\/","og_site_name":"ACADEMIA offices","article_published_time":"2025-04-24T04:59:51+00:00","article_modified_time":"2025-04-24T05:03:07+00:00","og_image":[{"width":1196,"height":798,"url":"https:\/\/www.academiaoffices.hu\/wp-content\/uploads\/2025\/04\/BT_20231215_Academia_093-Edit.jpg","type":"image\/jpeg"}],"author":"kotsis.mark@publicrelations.hu","twitter_card":"summary_large_image","twitter_misc":{"Szerz\u0151:":"kotsis.mark@publicrelations.hu"},"schema":{"@context":"https:\/\/schema.org","@graph":[{"@type":"Article","@id":"https:\/\/www.academiaoffices.hu\/index.php\/2025\/04\/24\/well-summit-2025-megterul-e-az-egeszsegbe-fektetni-a-convergence-valasza-varsobol\/#article","isPartOf":{"@id":"https:\/\/www.academiaoffices.hu\/index.php\/2025\/04\/24\/well-summit-2025-megterul-e-az-egeszsegbe-fektetni-a-convergence-valasza-varsobol\/"},"author":{"name":"kotsis.mark@publicrelations.hu","@id":"https:\/\/www.academiaoffices.hu\/#\/schema\/person\/1a5cf18b7297059d5a6d897d02a5e155"},"headline":"WELL Summit 2025: Megt\u00e9r\u00fcl-e az eg\u00e9szs\u00e9gbe fektetni? A ConvergenCE v\u00e1lasza Vars\u00f3b\u00f3l","datePublished":"2025-04-24T04:59:51+00:00","dateModified":"2025-04-24T05:03:07+00:00","mainEntityOfPage":{"@id":"https:\/\/www.academiaoffices.hu\/index.php\/2025\/04\/24\/well-summit-2025-megterul-e-az-egeszsegbe-fektetni-a-convergence-valasza-varsobol\/"},"wordCount":378,"commentCount":0,"publisher":{"@id":"https:\/\/www.academiaoffices.hu\/#organization"},"image":{"@id":"https:\/\/www.academiaoffices.hu\/index.php\/2025\/04\/24\/well-summit-2025-megterul-e-az-egeszsegbe-fektetni-a-convergence-valasza-varsobol\/#primaryimage"},"thumbnailUrl":"https:\/\/www.academiaoffices.hu\/wp-content\/uploads\/2025\/04\/BT_20231215_Academia_093-Edit.jpg","keywords":["convergence","f\u00f6ld napja","well min\u0151s\u00edt\u00e9s"],"articleSection":["H\u00cdREK"],"inLanguage":"hu","potentialAction":[{"@type":"CommentAction","name":"Comment","target":["https:\/\/www.academiaoffices.hu\/index.php\/2025\/04\/24\/well-summit-2025-megterul-e-az-egeszsegbe-fektetni-a-convergence-valasza-varsobol\/#respond"]}]},{"@type":"WebPage","@id":"https:\/\/www.academiaoffices.hu\/index.php\/2025\/04\/24\/well-summit-2025-megterul-e-az-egeszsegbe-fektetni-a-convergence-valasza-varsobol\/","url":"https:\/\/www.academiaoffices.hu\/index.php\/2025\/04\/24\/well-summit-2025-megterul-e-az-egeszsegbe-fektetni-a-convergence-valasza-varsobol\/","name":"WELL Summit 2025: Megt\u00e9r\u00fcl-e az eg\u00e9szs\u00e9gbe fektetni? A ConvergenCE v\u00e1lasza Vars\u00f3b\u00f3l - ACADEMIA offices","isPartOf":{"@id":"https:\/\/www.academiaoffices.hu\/#website"},"primaryImageOfPage":{"@id":"https:\/\/www.academiaoffices.hu\/index.php\/2025\/04\/24\/well-summit-2025-megterul-e-az-egeszsegbe-fektetni-a-convergence-valasza-varsobol\/#primaryimage"},"image":{"@id":"https:\/\/www.academiaoffices.hu\/index.php\/2025\/04\/24\/well-summit-2025-megterul-e-az-egeszsegbe-fektetni-a-convergence-valasza-varsobol\/#primaryimage"},"thumbnailUrl":"https:\/\/www.academiaoffices.hu\/wp-content\/uploads\/2025\/04\/BT_20231215_Academia_093-Edit.jpg","datePublished":"2025-04-24T04:59:51+00:00","dateModified":"2025-04-24T05:03:07+00:00","breadcrumb":{"@id":"https:\/\/www.academiaoffices.hu\/index.php\/2025\/04\/24\/well-summit-2025-megterul-e-az-egeszsegbe-fektetni-a-convergence-valasza-varsobol\/#breadcrumb"},"inLanguage":"hu","potentialAction":[{"@type":"ReadAction","target":["https:\/\/www.academiaoffices.hu\/index.php\/2025\/04\/24\/well-summit-2025-megterul-e-az-egeszsegbe-fektetni-a-convergence-valasza-varsobol\/"]}]},{"@type":"ImageObject","inLanguage":"hu","@id":"https:\/\/www.academiaoffices.hu\/index.php\/2025\/04\/24\/well-summit-2025-megterul-e-az-egeszsegbe-fektetni-a-convergence-valasza-varsobol\/#primaryimage","url":"https:\/\/www.academiaoffices.hu\/wp-content\/uploads\/2025\/04\/BT_20231215_Academia_093-Edit.jpg","contentUrl":"https:\/\/www.academiaoffices.hu\/wp-content\/uploads\/2025\/04\/BT_20231215_Academia_093-Edit.jpg","width":1196,"height":798},{"@type":"BreadcrumbList","@id":"https:\/\/www.academiaoffices.hu\/index.php\/2025\/04\/24\/well-summit-2025-megterul-e-az-egeszsegbe-fektetni-a-convergence-valasza-varsobol\/#breadcrumb","itemListElement":[{"@type":"ListItem","position":1,"name":"Kezd\u0151lap","item":"https:\/\/www.academiaoffices.hu\/?lang=en"},{"@type":"ListItem","position":2,"name":"WELL Summit 2025: Megt\u00e9r\u00fcl-e az eg\u00e9szs\u00e9gbe fektetni? A ConvergenCE v\u00e1lasza Vars\u00f3b\u00f3l"}]},{"@type":"WebSite","@id":"https:\/\/www.academiaoffices.hu\/#website","url":"https:\/\/www.academiaoffices.hu\/","name":"ACADEMIA offices","description":"Tradition meets modernity","publisher":{"@id":"https:\/\/www.academiaoffices.hu\/#organization"},"potentialAction":[{"@type":"SearchAction","target":{"@type":"EntryPoint","urlTemplate":"https:\/\/www.academiaoffices.hu\/?s={search_term_string}"},"query-input":{"@type":"PropertyValueSpecification","valueRequired":true,"valueName":"search_term_string"}}],"inLanguage":"hu"},{"@type":"Organization","@id":"https:\/\/www.academiaoffices.hu\/#organization","name":"ACADEMIA offices","url":"https:\/\/www.academiaoffices.hu\/","logo":{"@type":"ImageObject","inLanguage":"hu","@id":"https:\/\/www.academiaoffices.hu\/#\/schema\/logo\/image\/","url":"https:\/\/www.academiaoffices.hu\/wp-content\/uploads\/2022\/07\/Group1.png","contentUrl":"https:\/\/www.academiaoffices.hu\/wp-content\/uploads\/2022\/07\/Group1.png","width":99,"height":58,"caption":"ACADEMIA offices"},"image":{"@id":"https:\/\/www.academiaoffices.hu\/#\/schema\/logo\/image\/"}},{"@type":"Person","@id":"https:\/\/www.academiaoffices.hu\/#\/schema\/person\/1a5cf18b7297059d5a6d897d02a5e155","name":"kotsis.mark@publicrelations.hu","image":{"@type":"ImageObject","inLanguage":"hu","@id":"https:\/\/secure.gravatar.com\/avatar\/5b7cd67d52b0fd54f311831158b7b4721611fcfe845b0a23d34ec8712c3b98f8?s=96&d=mm&r=g","url":"https:\/\/secure.gravatar.com\/avatar\/5b7cd67d52b0fd54f311831158b7b4721611fcfe845b0a23d34ec8712c3b98f8?s=96&d=mm&r=g","contentUrl":"https:\/\/secure.gravatar.com\/avatar\/5b7cd67d52b0fd54f311831158b7b4721611fcfe845b0a23d34ec8712c3b98f8?s=96&d=mm&r=g","caption":"kotsis.mark@publicrelations.hu"},"url":"https:\/\/www.academiaoffices.hu\/index.php\/author\/kotsis-markpublicrelations-hu\/"}]}},"_links":{"self":[{"href":"https:\/\/www.academiaoffices.hu\/index.php\/wp-json\/wp\/v2\/posts\/3048","targetHints":{"allow":["GET"]}}],"collection":[{"href":"https:\/\/www.academiaoffices.hu\/index.php\/wp-json\/wp\/v2\/posts"}],"about":[{"href":"https:\/\/www.academiaoffices.hu\/index.php\/wp-json\/wp\/v2\/types\/post"}],"author":[{"embeddable":true,"href":"https:\/\/www.academiaoffices.hu\/index.php\/wp-json\/wp\/v2\/users\/7"}],"replies":[{"embeddable":true,"href":"https:\/\/www.academiaoffices.hu\/index.php\/wp-json\/wp\/v2\/comments?post=3048"}],"version-history":[{"count":1,"href":"https:\/\/www.academiaoffices.hu\/index.php\/wp-json\/wp\/v2\/posts\/3048\/revisions"}],"predecessor-version":[{"id":3051,"href":"https:\/\/www.academiaoffices.hu\/index.php\/wp-json\/wp\/v2\/posts\/3048\/revisions\/3051"}],"wp:featuredmedia":[{"embeddable":true,"href":"https:\/\/www.academiaoffices.hu\/index.php\/wp-json\/wp\/v2\/media\/3049"}],"wp:attachment":[{"href":"https:\/\/www.academiaoffices.hu\/index.php\/wp-json\/wp\/v2\/media?parent=3048"}],"wp:term":[{"taxonomy":"category","embeddable":true,"href":"https:\/\/www.academiaoffices.hu\/index.php\/wp-json\/wp\/v2\/categories?post=3048"},{"taxonomy":"post_tag","embeddable":true,"href":"https:\/\/www.academiaoffices.hu\/index.php\/wp-json\/wp\/v2\/tags?post=3048"}],"curies":[{"name":"wp","href":"https:\/\/api.w.org\/{rel}","templated":true}]}}