{"id":2936,"date":"2024-12-03T10:16:30","date_gmt":"2024-12-03T10:16:30","guid":{"rendered":"https:\/\/www.academiaoffices.hu\/?p=2936"},"modified":"2024-12-03T10:38:16","modified_gmt":"2024-12-03T10:38:16","slug":"dalux-summit","status":"publish","type":"post","link":"https:\/\/www.academiaoffices.hu\/index.php\/2024\/12\/03\/dalux-summit\/?lang=en","title":{"rendered":"ACADEMIA &#8211; at the forefront of digital architecture\u00a0"},"content":{"rendered":"\n<p><br><br><strong>We were honored to participate in the Dalux Summit 2024 this year alongside BuildEXT. At this conference for the best digital construction solutions, we had the opportunity to present the development processes of the ACADEMIA office building to over 1,600 professionals from 45 countries.<\/strong><\/p>\n\n\n\n<p>At the event, G\u00e1bor Zeley, Senior Project Manager at ConvergenCE, and Csaba Livj\u00e1k, Founder and CEO of BuildEXT, delivered a presentation titled \u201cDalux as the key to ongoing efficiency in ACADEMIA Offices \u2013 a tenant-driven approach.\u201d Through a tenant fit-out project, the presentation demonstrated how the Dalux technology platform and VR-AR technologies can support tenant-focused developments.<\/p>\n\n\n\n<figure class=\"wp-block-image size-large\"><img fetchpriority=\"high\" decoding=\"async\" width=\"1024\" height=\"681\" src=\"https:\/\/www.academiaoffices.hu\/wp-content\/uploads\/2024\/12\/summit2024_sharedphotos_08-1024x681.jpg\" alt=\"\" class=\"wp-image-2931\" srcset=\"https:\/\/www.academiaoffices.hu\/wp-content\/uploads\/2024\/12\/summit2024_sharedphotos_08-1024x681.jpg 1024w, https:\/\/www.academiaoffices.hu\/wp-content\/uploads\/2024\/12\/summit2024_sharedphotos_08-300x200.jpg 300w, https:\/\/www.academiaoffices.hu\/wp-content\/uploads\/2024\/12\/summit2024_sharedphotos_08-768x511.jpg 768w, https:\/\/www.academiaoffices.hu\/wp-content\/uploads\/2024\/12\/summit2024_sharedphotos_08-1536x1022.jpg 1536w, https:\/\/www.academiaoffices.hu\/wp-content\/uploads\/2024\/12\/summit2024_sharedphotos_08-2048x1363.jpg 2048w\" sizes=\"(max-width: 1024px) 100vw, 1024px\" \/><\/figure>\n\n\n\n<p>One of the key advantages of the Dalux system is its continuously updated 3D model, which allows real-time monitoring of the building\u2019s condition and modifications, minimizing errors and optimizing costs. Regular updates to the \u201cas-built\u201d models ensure that our properties continually align with tenant needs.<\/p>\n\n\n\n<p>As a case study, we showcased the visual designs created for one of ACADEMIA\u2019s most recent tenants, Colossyan. By leveraging the benefits of VR and AR technologies, the client could explore their future office space as early as the design phase.<br><\/p>\n\n\n\n<figure class=\"wp-block-embed is-type-video is-provider-youtube wp-block-embed-youtube wp-embed-aspect-16-9 wp-has-aspect-ratio\"><div class=\"wp-block-embed__wrapper\">\n<iframe title=\"Colossyan b\u00e9rlem\u00e9nyi bej\u00e1r\u00e1s\" width=\"800\" height=\"450\" src=\"https:\/\/www.youtube.com\/embed\/1X6qHd9MJ9Q?feature=oembed\" frameborder=\"0\" allow=\"accelerometer; autoplay; clipboard-write; encrypted-media; gyroscope; picture-in-picture; web-share\" referrerpolicy=\"strict-origin-when-cross-origin\" allowfullscreen><\/iframe>\n<\/div><\/figure>\n\n\n\n<p>The ACADEMIA office building development, a collaboration between Europa, ConvergenCE and BuildEXT, is a prime example of how innovative technology platforms can create spaces that enhance tenant satisfaction.<\/p>\n\n\n\n<p>This property is owned a <a href=\"https:\/\/europacapital.com\/\">Europa <\/a>managed fund.\u00a0 Thank you for your continuous support and investment.<\/p>\n","protected":false},"excerpt":{"rendered":"<p>We were honored to participate in the Dalux Summit 2024 this year alongside BuildEXT. At this conference for the best digital construction solutions, we had the opportunity to present the development processes of the ACADEMIA office building to over 1,600 professionals from 45 countries.<\/p>\n","protected":false},"author":7,"featured_media":2929,"comment_status":"open","ping_status":"open","sticky":false,"template":"","format":"standard","meta":{"footnotes":""},"categories":[21],"tags":[37,55,79,39,56,59],"class_list":["post-2936","post","type-post","status-publish","format-standard","has-post-thumbnail","hentry","category-news-en","tag-academiaoffices-2","tag-academiaoffices-en","tag-belvarosiiroda-2-en","tag-budapestdowntown-2","tag-budapestdowntown-en","tag-officeinbudapest-en"],"yoast_head":"<!-- This site is optimized with the Yoast SEO plugin v27.3 - https:\/\/yoast.com\/product\/yoast-seo-wordpress\/ -->\n<title>ACADEMIA - at the forefront of digital architecture\u00a0 - ACADEMIA offices<\/title>\n<meta name=\"description\" content=\"We were honored to participate in the Dalux Summit 2024 this year alongside BuildEXT.\" \/>\n<meta name=\"robots\" content=\"index, follow, max-snippet:-1, max-image-preview:large, max-video-preview:-1\" \/>\n<link rel=\"canonical\" href=\"https:\/\/www.academiaoffices.hu\/index.php\/2024\/12\/03\/dalux-summit\/?lang=en\" \/>\n<meta property=\"og:locale\" content=\"hu_HU\" \/>\n<meta property=\"og:type\" content=\"article\" \/>\n<meta property=\"og:title\" content=\"ACADEMIA - at the forefront of digital architecture\u00a0\" \/>\n<meta property=\"og:description\" content=\"We were honored to participate in the Dalux Summit 2024 this year alongside BuildEXT.\" \/>\n<meta property=\"og:url\" content=\"https:\/\/www.academiaoffices.hu\/index.php\/2024\/12\/03\/dalux-summit\/?lang=en\" \/>\n<meta property=\"og:site_name\" content=\"ACADEMIA offices\" \/>\n<meta property=\"article:published_time\" content=\"2024-12-03T10:16:30+00:00\" \/>\n<meta property=\"article:modified_time\" content=\"2024-12-03T10:38:16+00:00\" \/>\n<meta property=\"og:image\" content=\"https:\/\/www.academiaoffices.hu\/wp-content\/uploads\/2024\/12\/IMG_3041-scaled.jpg\" \/>\n\t<meta property=\"og:image:width\" content=\"2560\" \/>\n\t<meta property=\"og:image:height\" content=\"1920\" \/>\n\t<meta property=\"og:image:type\" content=\"image\/jpeg\" \/>\n<meta name=\"author\" content=\"kotsis.mark@publicrelations.hu\" \/>\n<meta name=\"twitter:card\" content=\"summary_large_image\" \/>\n<meta name=\"twitter:label1\" content=\"Szerz\u0151:\" \/>\n\t<meta name=\"twitter:data1\" content=\"kotsis.mark@publicrelations.hu\" \/>\n\t<meta name=\"twitter:label2\" content=\"Becs\u00fclt olvas\u00e1si id\u0151\" \/>\n\t<meta name=\"twitter:data2\" content=\"2 perc\" \/>\n<script type=\"application\/ld+json\" class=\"yoast-schema-graph\">{\"@context\":\"https:\\\/\\\/schema.org\",\"@graph\":[{\"@type\":\"Article\",\"@id\":\"https:\\\/\\\/www.academiaoffices.hu\\\/index.php\\\/2024\\\/12\\\/03\\\/dalux-summit\\\/?lang=en#article\",\"isPartOf\":{\"@id\":\"https:\\\/\\\/www.academiaoffices.hu\\\/index.php\\\/2024\\\/12\\\/03\\\/dalux-summit\\\/?lang=en\"},\"author\":{\"name\":\"kotsis.mark@publicrelations.hu\",\"@id\":\"https:\\\/\\\/www.academiaoffices.hu\\\/#\\\/schema\\\/person\\\/1a5cf18b7297059d5a6d897d02a5e155\"},\"headline\":\"ACADEMIA &#8211; at the forefront of digital architecture\u00a0\",\"datePublished\":\"2024-12-03T10:16:30+00:00\",\"dateModified\":\"2024-12-03T10:38:16+00:00\",\"mainEntityOfPage\":{\"@id\":\"https:\\\/\\\/www.academiaoffices.hu\\\/index.php\\\/2024\\\/12\\\/03\\\/dalux-summit\\\/?lang=en\"},\"wordCount\":245,\"commentCount\":0,\"publisher\":{\"@id\":\"https:\\\/\\\/www.academiaoffices.hu\\\/#organization\"},\"image\":{\"@id\":\"https:\\\/\\\/www.academiaoffices.hu\\\/index.php\\\/2024\\\/12\\\/03\\\/dalux-summit\\\/?lang=en#primaryimage\"},\"thumbnailUrl\":\"https:\\\/\\\/www.academiaoffices.hu\\\/wp-content\\\/uploads\\\/2024\\\/12\\\/IMG_3041-scaled.jpg\",\"keywords\":[\"academiaoffices\",\"academiaoffices\",\"belv\u00e1rosiiroda\",\"budapestdowntown\",\"budapestdowntown\",\"officeinbudapest\"],\"articleSection\":[\"News\"],\"inLanguage\":\"hu\",\"potentialAction\":[{\"@type\":\"CommentAction\",\"name\":\"Comment\",\"target\":[\"https:\\\/\\\/www.academiaoffices.hu\\\/index.php\\\/2024\\\/12\\\/03\\\/dalux-summit\\\/?lang=en#respond\"]}]},{\"@type\":\"WebPage\",\"@id\":\"https:\\\/\\\/www.academiaoffices.hu\\\/index.php\\\/2024\\\/12\\\/03\\\/dalux-summit\\\/?lang=en\",\"url\":\"https:\\\/\\\/www.academiaoffices.hu\\\/index.php\\\/2024\\\/12\\\/03\\\/dalux-summit\\\/?lang=en\",\"name\":\"ACADEMIA - at the forefront of digital architecture\u00a0 - ACADEMIA offices\",\"isPartOf\":{\"@id\":\"https:\\\/\\\/www.academiaoffices.hu\\\/#website\"},\"primaryImageOfPage\":{\"@id\":\"https:\\\/\\\/www.academiaoffices.hu\\\/index.php\\\/2024\\\/12\\\/03\\\/dalux-summit\\\/?lang=en#primaryimage\"},\"image\":{\"@id\":\"https:\\\/\\\/www.academiaoffices.hu\\\/index.php\\\/2024\\\/12\\\/03\\\/dalux-summit\\\/?lang=en#primaryimage\"},\"thumbnailUrl\":\"https:\\\/\\\/www.academiaoffices.hu\\\/wp-content\\\/uploads\\\/2024\\\/12\\\/IMG_3041-scaled.jpg\",\"datePublished\":\"2024-12-03T10:16:30+00:00\",\"dateModified\":\"2024-12-03T10:38:16+00:00\",\"description\":\"We were honored to participate in the Dalux Summit 2024 this year alongside BuildEXT.\",\"breadcrumb\":{\"@id\":\"https:\\\/\\\/www.academiaoffices.hu\\\/index.php\\\/2024\\\/12\\\/03\\\/dalux-summit\\\/?lang=en#breadcrumb\"},\"inLanguage\":\"hu\",\"potentialAction\":[{\"@type\":\"ReadAction\",\"target\":[\"https:\\\/\\\/www.academiaoffices.hu\\\/index.php\\\/2024\\\/12\\\/03\\\/dalux-summit\\\/?lang=en\"]}]},{\"@type\":\"ImageObject\",\"inLanguage\":\"hu\",\"@id\":\"https:\\\/\\\/www.academiaoffices.hu\\\/index.php\\\/2024\\\/12\\\/03\\\/dalux-summit\\\/?lang=en#primaryimage\",\"url\":\"https:\\\/\\\/www.academiaoffices.hu\\\/wp-content\\\/uploads\\\/2024\\\/12\\\/IMG_3041-scaled.jpg\",\"contentUrl\":\"https:\\\/\\\/www.academiaoffices.hu\\\/wp-content\\\/uploads\\\/2024\\\/12\\\/IMG_3041-scaled.jpg\",\"width\":2560,\"height\":1920},{\"@type\":\"BreadcrumbList\",\"@id\":\"https:\\\/\\\/www.academiaoffices.hu\\\/index.php\\\/2024\\\/12\\\/03\\\/dalux-summit\\\/?lang=en#breadcrumb\",\"itemListElement\":[{\"@type\":\"ListItem\",\"position\":1,\"name\":\"Kezd\u0151lap\",\"item\":\"https:\\\/\\\/www.academiaoffices.hu\\\/?lang=en\"},{\"@type\":\"ListItem\",\"position\":2,\"name\":\"ACADEMIA &#8211; at the forefront of digital architecture\u00a0\"}]},{\"@type\":\"WebSite\",\"@id\":\"https:\\\/\\\/www.academiaoffices.hu\\\/#website\",\"url\":\"https:\\\/\\\/www.academiaoffices.hu\\\/\",\"name\":\"ACADEMIA offices\",\"description\":\"Tradition meets modernity\",\"publisher\":{\"@id\":\"https:\\\/\\\/www.academiaoffices.hu\\\/#organization\"},\"potentialAction\":[{\"@type\":\"SearchAction\",\"target\":{\"@type\":\"EntryPoint\",\"urlTemplate\":\"https:\\\/\\\/www.academiaoffices.hu\\\/?s={search_term_string}\"},\"query-input\":{\"@type\":\"PropertyValueSpecification\",\"valueRequired\":true,\"valueName\":\"search_term_string\"}}],\"inLanguage\":\"hu\"},{\"@type\":\"Organization\",\"@id\":\"https:\\\/\\\/www.academiaoffices.hu\\\/#organization\",\"name\":\"ACADEMIA offices\",\"url\":\"https:\\\/\\\/www.academiaoffices.hu\\\/\",\"logo\":{\"@type\":\"ImageObject\",\"inLanguage\":\"hu\",\"@id\":\"https:\\\/\\\/www.academiaoffices.hu\\\/#\\\/schema\\\/logo\\\/image\\\/\",\"url\":\"https:\\\/\\\/www.academiaoffices.hu\\\/wp-content\\\/uploads\\\/2022\\\/07\\\/Group1.png\",\"contentUrl\":\"https:\\\/\\\/www.academiaoffices.hu\\\/wp-content\\\/uploads\\\/2022\\\/07\\\/Group1.png\",\"width\":99,\"height\":58,\"caption\":\"ACADEMIA offices\"},\"image\":{\"@id\":\"https:\\\/\\\/www.academiaoffices.hu\\\/#\\\/schema\\\/logo\\\/image\\\/\"}},{\"@type\":\"Person\",\"@id\":\"https:\\\/\\\/www.academiaoffices.hu\\\/#\\\/schema\\\/person\\\/1a5cf18b7297059d5a6d897d02a5e155\",\"name\":\"kotsis.mark@publicrelations.hu\",\"image\":{\"@type\":\"ImageObject\",\"inLanguage\":\"hu\",\"@id\":\"https:\\\/\\\/secure.gravatar.com\\\/avatar\\\/5b7cd67d52b0fd54f311831158b7b4721611fcfe845b0a23d34ec8712c3b98f8?s=96&d=mm&r=g\",\"url\":\"https:\\\/\\\/secure.gravatar.com\\\/avatar\\\/5b7cd67d52b0fd54f311831158b7b4721611fcfe845b0a23d34ec8712c3b98f8?s=96&d=mm&r=g\",\"contentUrl\":\"https:\\\/\\\/secure.gravatar.com\\\/avatar\\\/5b7cd67d52b0fd54f311831158b7b4721611fcfe845b0a23d34ec8712c3b98f8?s=96&d=mm&r=g\",\"caption\":\"kotsis.mark@publicrelations.hu\"},\"url\":\"https:\\\/\\\/www.academiaoffices.hu\\\/index.php\\\/author\\\/kotsis-markpublicrelations-hu\\\/\"}]}<\/script>\n<!-- \/ Yoast SEO plugin. -->","yoast_head_json":{"title":"ACADEMIA - at the forefront of digital architecture\u00a0 - ACADEMIA offices","description":"We were honored to participate in the Dalux Summit 2024 this year alongside BuildEXT.","robots":{"index":"index","follow":"follow","max-snippet":"max-snippet:-1","max-image-preview":"max-image-preview:large","max-video-preview":"max-video-preview:-1"},"canonical":"https:\/\/www.academiaoffices.hu\/index.php\/2024\/12\/03\/dalux-summit\/?lang=en","og_locale":"hu_HU","og_type":"article","og_title":"ACADEMIA - at the forefront of digital architecture\u00a0","og_description":"We were honored to participate in the Dalux Summit 2024 this year alongside BuildEXT.","og_url":"https:\/\/www.academiaoffices.hu\/index.php\/2024\/12\/03\/dalux-summit\/?lang=en","og_site_name":"ACADEMIA offices","article_published_time":"2024-12-03T10:16:30+00:00","article_modified_time":"2024-12-03T10:38:16+00:00","og_image":[{"width":2560,"height":1920,"url":"https:\/\/www.academiaoffices.hu\/wp-content\/uploads\/2024\/12\/IMG_3041-scaled.jpg","type":"image\/jpeg"}],"author":"kotsis.mark@publicrelations.hu","twitter_card":"summary_large_image","twitter_misc":{"Szerz\u0151:":"kotsis.mark@publicrelations.hu","Becs\u00fclt olvas\u00e1si id\u0151":"2 perc"},"schema":{"@context":"https:\/\/schema.org","@graph":[{"@type":"Article","@id":"https:\/\/www.academiaoffices.hu\/index.php\/2024\/12\/03\/dalux-summit\/?lang=en#article","isPartOf":{"@id":"https:\/\/www.academiaoffices.hu\/index.php\/2024\/12\/03\/dalux-summit\/?lang=en"},"author":{"name":"kotsis.mark@publicrelations.hu","@id":"https:\/\/www.academiaoffices.hu\/#\/schema\/person\/1a5cf18b7297059d5a6d897d02a5e155"},"headline":"ACADEMIA &#8211; at the forefront of digital architecture\u00a0","datePublished":"2024-12-03T10:16:30+00:00","dateModified":"2024-12-03T10:38:16+00:00","mainEntityOfPage":{"@id":"https:\/\/www.academiaoffices.hu\/index.php\/2024\/12\/03\/dalux-summit\/?lang=en"},"wordCount":245,"commentCount":0,"publisher":{"@id":"https:\/\/www.academiaoffices.hu\/#organization"},"image":{"@id":"https:\/\/www.academiaoffices.hu\/index.php\/2024\/12\/03\/dalux-summit\/?lang=en#primaryimage"},"thumbnailUrl":"https:\/\/www.academiaoffices.hu\/wp-content\/uploads\/2024\/12\/IMG_3041-scaled.jpg","keywords":["academiaoffices","academiaoffices","belv\u00e1rosiiroda","budapestdowntown","budapestdowntown","officeinbudapest"],"articleSection":["News"],"inLanguage":"hu","potentialAction":[{"@type":"CommentAction","name":"Comment","target":["https:\/\/www.academiaoffices.hu\/index.php\/2024\/12\/03\/dalux-summit\/?lang=en#respond"]}]},{"@type":"WebPage","@id":"https:\/\/www.academiaoffices.hu\/index.php\/2024\/12\/03\/dalux-summit\/?lang=en","url":"https:\/\/www.academiaoffices.hu\/index.php\/2024\/12\/03\/dalux-summit\/?lang=en","name":"ACADEMIA - at the forefront of digital architecture\u00a0 - ACADEMIA offices","isPartOf":{"@id":"https:\/\/www.academiaoffices.hu\/#website"},"primaryImageOfPage":{"@id":"https:\/\/www.academiaoffices.hu\/index.php\/2024\/12\/03\/dalux-summit\/?lang=en#primaryimage"},"image":{"@id":"https:\/\/www.academiaoffices.hu\/index.php\/2024\/12\/03\/dalux-summit\/?lang=en#primaryimage"},"thumbnailUrl":"https:\/\/www.academiaoffices.hu\/wp-content\/uploads\/2024\/12\/IMG_3041-scaled.jpg","datePublished":"2024-12-03T10:16:30+00:00","dateModified":"2024-12-03T10:38:16+00:00","description":"We were honored to participate in the Dalux Summit 2024 this year alongside BuildEXT.","breadcrumb":{"@id":"https:\/\/www.academiaoffices.hu\/index.php\/2024\/12\/03\/dalux-summit\/?lang=en#breadcrumb"},"inLanguage":"hu","potentialAction":[{"@type":"ReadAction","target":["https:\/\/www.academiaoffices.hu\/index.php\/2024\/12\/03\/dalux-summit\/?lang=en"]}]},{"@type":"ImageObject","inLanguage":"hu","@id":"https:\/\/www.academiaoffices.hu\/index.php\/2024\/12\/03\/dalux-summit\/?lang=en#primaryimage","url":"https:\/\/www.academiaoffices.hu\/wp-content\/uploads\/2024\/12\/IMG_3041-scaled.jpg","contentUrl":"https:\/\/www.academiaoffices.hu\/wp-content\/uploads\/2024\/12\/IMG_3041-scaled.jpg","width":2560,"height":1920},{"@type":"BreadcrumbList","@id":"https:\/\/www.academiaoffices.hu\/index.php\/2024\/12\/03\/dalux-summit\/?lang=en#breadcrumb","itemListElement":[{"@type":"ListItem","position":1,"name":"Kezd\u0151lap","item":"https:\/\/www.academiaoffices.hu\/?lang=en"},{"@type":"ListItem","position":2,"name":"ACADEMIA &#8211; at the forefront of digital architecture\u00a0"}]},{"@type":"WebSite","@id":"https:\/\/www.academiaoffices.hu\/#website","url":"https:\/\/www.academiaoffices.hu\/","name":"ACADEMIA offices","description":"Tradition meets modernity","publisher":{"@id":"https:\/\/www.academiaoffices.hu\/#organization"},"potentialAction":[{"@type":"SearchAction","target":{"@type":"EntryPoint","urlTemplate":"https:\/\/www.academiaoffices.hu\/?s={search_term_string}"},"query-input":{"@type":"PropertyValueSpecification","valueRequired":true,"valueName":"search_term_string"}}],"inLanguage":"hu"},{"@type":"Organization","@id":"https:\/\/www.academiaoffices.hu\/#organization","name":"ACADEMIA offices","url":"https:\/\/www.academiaoffices.hu\/","logo":{"@type":"ImageObject","inLanguage":"hu","@id":"https:\/\/www.academiaoffices.hu\/#\/schema\/logo\/image\/","url":"https:\/\/www.academiaoffices.hu\/wp-content\/uploads\/2022\/07\/Group1.png","contentUrl":"https:\/\/www.academiaoffices.hu\/wp-content\/uploads\/2022\/07\/Group1.png","width":99,"height":58,"caption":"ACADEMIA offices"},"image":{"@id":"https:\/\/www.academiaoffices.hu\/#\/schema\/logo\/image\/"}},{"@type":"Person","@id":"https:\/\/www.academiaoffices.hu\/#\/schema\/person\/1a5cf18b7297059d5a6d897d02a5e155","name":"kotsis.mark@publicrelations.hu","image":{"@type":"ImageObject","inLanguage":"hu","@id":"https:\/\/secure.gravatar.com\/avatar\/5b7cd67d52b0fd54f311831158b7b4721611fcfe845b0a23d34ec8712c3b98f8?s=96&d=mm&r=g","url":"https:\/\/secure.gravatar.com\/avatar\/5b7cd67d52b0fd54f311831158b7b4721611fcfe845b0a23d34ec8712c3b98f8?s=96&d=mm&r=g","contentUrl":"https:\/\/secure.gravatar.com\/avatar\/5b7cd67d52b0fd54f311831158b7b4721611fcfe845b0a23d34ec8712c3b98f8?s=96&d=mm&r=g","caption":"kotsis.mark@publicrelations.hu"},"url":"https:\/\/www.academiaoffices.hu\/index.php\/author\/kotsis-markpublicrelations-hu\/"}]}},"_links":{"self":[{"href":"https:\/\/www.academiaoffices.hu\/index.php\/wp-json\/wp\/v2\/posts\/2936","targetHints":{"allow":["GET"]}}],"collection":[{"href":"https:\/\/www.academiaoffices.hu\/index.php\/wp-json\/wp\/v2\/posts"}],"about":[{"href":"https:\/\/www.academiaoffices.hu\/index.php\/wp-json\/wp\/v2\/types\/post"}],"author":[{"embeddable":true,"href":"https:\/\/www.academiaoffices.hu\/index.php\/wp-json\/wp\/v2\/users\/7"}],"replies":[{"embeddable":true,"href":"https:\/\/www.academiaoffices.hu\/index.php\/wp-json\/wp\/v2\/comments?post=2936"}],"version-history":[{"count":2,"href":"https:\/\/www.academiaoffices.hu\/index.php\/wp-json\/wp\/v2\/posts\/2936\/revisions"}],"predecessor-version":[{"id":2940,"href":"https:\/\/www.academiaoffices.hu\/index.php\/wp-json\/wp\/v2\/posts\/2936\/revisions\/2940"}],"wp:featuredmedia":[{"embeddable":true,"href":"https:\/\/www.academiaoffices.hu\/index.php\/wp-json\/wp\/v2\/media\/2929"}],"wp:attachment":[{"href":"https:\/\/www.academiaoffices.hu\/index.php\/wp-json\/wp\/v2\/media?parent=2936"}],"wp:term":[{"taxonomy":"category","embeddable":true,"href":"https:\/\/www.academiaoffices.hu\/index.php\/wp-json\/wp\/v2\/categories?post=2936"},{"taxonomy":"post_tag","embeddable":true,"href":"https:\/\/www.academiaoffices.hu\/index.php\/wp-json\/wp\/v2\/tags?post=2936"}],"curies":[{"name":"wp","href":"https:\/\/api.w.org\/{rel}","templated":true}]}}