{"id":2926,"date":"2024-12-03T10:16:30","date_gmt":"2024-12-03T10:16:30","guid":{"rendered":"https:\/\/www.academiaoffices.hu\/?p=2926"},"modified":"2024-12-03T10:37:11","modified_gmt":"2024-12-03T10:37:11","slug":"az-academia-a-digitalis-epiteszet-elvonalaban","status":"publish","type":"post","link":"https:\/\/www.academiaoffices.hu\/index.php\/2024\/12\/03\/az-academia-a-digitalis-epiteszet-elvonalaban\/","title":{"rendered":"Az ACADEMIA a digit\u00e1lis \u00e9p\u00edt\u00e9szet \u00e9lvonal\u00e1ban"},"content":{"rendered":"\n<p><strong>Nagy megtiszteltet\u00e9s sz\u00e1munkra, hogy id\u00e9n a BuildEXT-tel k\u00f6z\u00f6sen r\u00e9szt vehett\u00fcnk a Dalux Summit 2024-en. A legjobb digit\u00e1lis \u00e9p\u00edt\u0151ipari megold\u00e1sok f\u00f3rum\u00e1n 45 orsz\u00e1g t\u00f6bb mint 1600 szakember\u00e9nek mutathattuk be az ACADEMIA irodah\u00e1z fejleszt\u00e9si folyamatait.<\/strong>&nbsp;<\/p>\n\n\n\n<p>A rendezv\u00e9nyen Zeley G\u00e1bor, a ConvergenCE senior projektmenedzsere \u00e9s Livj\u00e1k Csaba, a BuildEXT alap\u00edt\u00f3 \u00fcgyvezet\u0151je <em>\u201eDalux as the key to ongoing efficiency in ACADEMIA Offices \u2013 a tenant-driven approach\u201d<\/em> c\u00edmmel tartott el\u0151ad\u00e1st. A k\u00f6z\u00f6s prezent\u00e1ci\u00f3ban egy b\u00e9rlem\u00e9ny\u00e1talak\u00edt\u00e1si projekten kereszt\u00fcl mutattuk be, hogyan t\u00e1mogathatja a Dalux technol\u00f3giai platform \u00e9s a VR-AR technol\u00f3gia a b\u00e9rl\u0151orient\u00e1lt fejleszt\u00e9seket.&nbsp;<\/p>\n\n\n\n<figure class=\"wp-block-image size-large\"><img fetchpriority=\"high\" decoding=\"async\" width=\"1024\" height=\"681\" src=\"https:\/\/www.academiaoffices.hu\/wp-content\/uploads\/2024\/12\/summit2024_sharedphotos_08-1024x681.jpg\" alt=\"\" class=\"wp-image-2930\" srcset=\"https:\/\/www.academiaoffices.hu\/wp-content\/uploads\/2024\/12\/summit2024_sharedphotos_08-1024x681.jpg 1024w, https:\/\/www.academiaoffices.hu\/wp-content\/uploads\/2024\/12\/summit2024_sharedphotos_08-300x200.jpg 300w, https:\/\/www.academiaoffices.hu\/wp-content\/uploads\/2024\/12\/summit2024_sharedphotos_08-768x511.jpg 768w, https:\/\/www.academiaoffices.hu\/wp-content\/uploads\/2024\/12\/summit2024_sharedphotos_08-1536x1022.jpg 1536w, https:\/\/www.academiaoffices.hu\/wp-content\/uploads\/2024\/12\/summit2024_sharedphotos_08-2048x1363.jpg 2048w\" sizes=\"(max-width: 1024px) 100vw, 1024px\" \/><\/figure>\n\n\n\n<p><\/p>\n\n\n\n<p>A Dalux rendszer egyik legnagyobb el\u0151nye, hogy a folyamatosan friss\u00edtett 3D-modellj\u00e9vel val\u00f3s id\u0151ben k\u00f6vethetj\u00fck az \u00e9p\u00fclet \u00e1llapot\u00e1t \u00e9s az \u00e1talak\u00edt\u00e1sokat, \u00edgy minimaliz\u00e1lhat\u00f3k a hib\u00e1k \u00e9s optimaliz\u00e1lhat\u00f3k a k\u00f6lts\u00e9gek. Az \u201cas-built\u201d modellek rendszeres friss\u00edt\u00e9se pedig lehet\u0151v\u00e9 teszi, hogy az ingatlanjaink folyamatosan illeszkedjenek a b\u00e9rl\u0151i ig\u00e9nyekhez.&nbsp;<\/p>\n\n\n\n<p>Prezent\u00e1ci\u00f3nkban j\u00f3gyakorlatk\u00e9nt mutattuk be az ACADEMIA irodah\u00e1z egyik b\u00e9rl\u0151je, a Colossyan startup sz\u00e1m\u00e1ra k\u00e9sz\u00edtett l\u00e1tv\u00e1nyterveket, amelyekkel az \u00fcgyf\u00e9l, a VR- \u00e9s AR-technol\u00f3gi\u00e1k el\u0151nyeit kihaszn\u00e1lva m\u00e1r a tervez\u00e9si f\u00e1zisban bepillanthatott j\u00f6v\u0151beli irod\u00e1j\u00e1ba.<\/p>\n\n\n\n<figure class=\"wp-block-embed is-type-video is-provider-youtube wp-block-embed-youtube wp-embed-aspect-16-9 wp-has-aspect-ratio\"><div class=\"wp-block-embed__wrapper\">\n<iframe title=\"Colossyan b\u00e9rlem\u00e9nyi bej\u00e1r\u00e1s\" width=\"800\" height=\"450\" src=\"https:\/\/www.youtube.com\/embed\/1X6qHd9MJ9Q?feature=oembed\" frameborder=\"0\" allow=\"accelerometer; autoplay; clipboard-write; encrypted-media; gyroscope; picture-in-picture; web-share\" referrerpolicy=\"strict-origin-when-cross-origin\" allowfullscreen><\/iframe>\n<\/div><\/figure>\n\n\n\n<p><a href=\"https:\/\/youtube\/1X6qHd9MJ9Q\"><br><\/a>Az Europa, a ConvergenCE \u00e9s a BuildEXT egy\u00fcttm\u0171k\u00f6d\u00e9s\u00e9ben megval\u00f3sul\u00f3 ACADEMIA irodah\u00e1z-fejleszt\u00e9s kiemelt p\u00e9ld\u00e1ja annak, hogyan lehet egy innovat\u00edv technol\u00f3giai platformmal a b\u00e9rl\u0151i el\u00e9gedetts\u00e9get n\u00f6vel\u0151 tereket l\u00e9trehozni.<\/p>\n","protected":false},"excerpt":{"rendered":"<p>Nagy megtiszteltet\u00e9s sz\u00e1munkra, hogy id\u00e9n a BuildEXT-tel k\u00f6z\u00f6sen r\u00e9szt vehett\u00fcnk a Dalux Summit 2024-en. A legjobb digit\u00e1lis \u00e9p\u00edt\u0151ipari megold\u00e1sok f\u00f3rum\u00e1n 45 orsz\u00e1g t\u00f6bb mint 1600 szakember\u00e9nek mutathattuk be az ACADEMIA irodah\u00e1z fejleszt\u00e9si folyamatait.\u00a0<\/p>\n","protected":false},"author":7,"featured_media":2928,"comment_status":"open","ping_status":"open","sticky":false,"template":"","format":"standard","meta":{"footnotes":""},"categories":[14],"tags":[32,66,35],"class_list":["post-2926","post","type-post","status-publish","format-standard","has-post-thumbnail","hentry","category-news","tag-academiaoffices","tag-belvarosiiroda-2","tag-budapestdowntown"],"yoast_head":"<!-- This site is optimized with the Yoast SEO plugin v27.3 - https:\/\/yoast.com\/product\/yoast-seo-wordpress\/ -->\n<title>Az ACADEMIA a digit\u00e1lis \u00e9p\u00edt\u00e9szet \u00e9lvonal\u00e1ban - ACADEMIA offices<\/title>\n<meta name=\"description\" content=\"Nagy megtiszteltet\u00e9s sz\u00e1munkra, hogy id\u00e9n a BuildEXT-tel k\u00f6z\u00f6sen r\u00e9szt vehett\u00fcnk a Dalux Summit 2024-en.\" \/>\n<meta name=\"robots\" content=\"index, follow, max-snippet:-1, max-image-preview:large, max-video-preview:-1\" \/>\n<link rel=\"canonical\" href=\"https:\/\/www.academiaoffices.hu\/index.php\/2024\/12\/03\/az-academia-a-digitalis-epiteszet-elvonalaban\/\" \/>\n<meta property=\"og:locale\" content=\"hu_HU\" \/>\n<meta property=\"og:type\" content=\"article\" \/>\n<meta property=\"og:title\" content=\"Az ACADEMIA a digit\u00e1lis \u00e9p\u00edt\u00e9szet \u00e9lvonal\u00e1ban\" \/>\n<meta property=\"og:description\" content=\"Nagy megtiszteltet\u00e9s sz\u00e1munkra, hogy id\u00e9n a BuildEXT-tel k\u00f6z\u00f6sen r\u00e9szt vehett\u00fcnk a Dalux Summit 2024-en.\" \/>\n<meta property=\"og:url\" content=\"https:\/\/www.academiaoffices.hu\/index.php\/2024\/12\/03\/az-academia-a-digitalis-epiteszet-elvonalaban\/\" \/>\n<meta property=\"og:site_name\" content=\"ACADEMIA offices\" \/>\n<meta property=\"article:published_time\" content=\"2024-12-03T10:16:30+00:00\" \/>\n<meta property=\"article:modified_time\" content=\"2024-12-03T10:37:11+00:00\" \/>\n<meta property=\"og:image\" content=\"https:\/\/www.academiaoffices.hu\/wp-content\/uploads\/2024\/12\/IMG_3041-scaled.jpg\" \/>\n\t<meta property=\"og:image:width\" content=\"2560\" \/>\n\t<meta property=\"og:image:height\" content=\"1920\" \/>\n\t<meta property=\"og:image:type\" content=\"image\/jpeg\" \/>\n<meta name=\"author\" content=\"kotsis.mark@publicrelations.hu\" \/>\n<meta name=\"twitter:card\" content=\"summary_large_image\" \/>\n<meta name=\"twitter:label1\" content=\"Szerz\u0151:\" \/>\n\t<meta name=\"twitter:data1\" content=\"kotsis.mark@publicrelations.hu\" \/>\n\t<meta name=\"twitter:label2\" content=\"Becs\u00fclt olvas\u00e1si id\u0151\" \/>\n\t<meta name=\"twitter:data2\" content=\"2 perc\" \/>\n<script type=\"application\/ld+json\" class=\"yoast-schema-graph\">{\"@context\":\"https:\\\/\\\/schema.org\",\"@graph\":[{\"@type\":\"Article\",\"@id\":\"https:\\\/\\\/www.academiaoffices.hu\\\/index.php\\\/2024\\\/12\\\/03\\\/az-academia-a-digitalis-epiteszet-elvonalaban\\\/#article\",\"isPartOf\":{\"@id\":\"https:\\\/\\\/www.academiaoffices.hu\\\/index.php\\\/2024\\\/12\\\/03\\\/az-academia-a-digitalis-epiteszet-elvonalaban\\\/\"},\"author\":{\"name\":\"kotsis.mark@publicrelations.hu\",\"@id\":\"https:\\\/\\\/www.academiaoffices.hu\\\/#\\\/schema\\\/person\\\/1a5cf18b7297059d5a6d897d02a5e155\"},\"headline\":\"Az ACADEMIA a digit\u00e1lis \u00e9p\u00edt\u00e9szet \u00e9lvonal\u00e1ban\",\"datePublished\":\"2024-12-03T10:16:30+00:00\",\"dateModified\":\"2024-12-03T10:37:11+00:00\",\"mainEntityOfPage\":{\"@id\":\"https:\\\/\\\/www.academiaoffices.hu\\\/index.php\\\/2024\\\/12\\\/03\\\/az-academia-a-digitalis-epiteszet-elvonalaban\\\/\"},\"wordCount\":315,\"commentCount\":0,\"publisher\":{\"@id\":\"https:\\\/\\\/www.academiaoffices.hu\\\/#organization\"},\"image\":{\"@id\":\"https:\\\/\\\/www.academiaoffices.hu\\\/index.php\\\/2024\\\/12\\\/03\\\/az-academia-a-digitalis-epiteszet-elvonalaban\\\/#primaryimage\"},\"thumbnailUrl\":\"https:\\\/\\\/www.academiaoffices.hu\\\/wp-content\\\/uploads\\\/2024\\\/12\\\/IMG_3041-scaled.jpg\",\"keywords\":[\"academiaoffices\",\"belv\u00e1rosiiroda\",\"budapestdowntown\"],\"articleSection\":[\"H\u00cdREK\"],\"inLanguage\":\"hu\",\"potentialAction\":[{\"@type\":\"CommentAction\",\"name\":\"Comment\",\"target\":[\"https:\\\/\\\/www.academiaoffices.hu\\\/index.php\\\/2024\\\/12\\\/03\\\/az-academia-a-digitalis-epiteszet-elvonalaban\\\/#respond\"]}]},{\"@type\":\"WebPage\",\"@id\":\"https:\\\/\\\/www.academiaoffices.hu\\\/index.php\\\/2024\\\/12\\\/03\\\/az-academia-a-digitalis-epiteszet-elvonalaban\\\/\",\"url\":\"https:\\\/\\\/www.academiaoffices.hu\\\/index.php\\\/2024\\\/12\\\/03\\\/az-academia-a-digitalis-epiteszet-elvonalaban\\\/\",\"name\":\"Az ACADEMIA a digit\u00e1lis \u00e9p\u00edt\u00e9szet \u00e9lvonal\u00e1ban - ACADEMIA offices\",\"isPartOf\":{\"@id\":\"https:\\\/\\\/www.academiaoffices.hu\\\/#website\"},\"primaryImageOfPage\":{\"@id\":\"https:\\\/\\\/www.academiaoffices.hu\\\/index.php\\\/2024\\\/12\\\/03\\\/az-academia-a-digitalis-epiteszet-elvonalaban\\\/#primaryimage\"},\"image\":{\"@id\":\"https:\\\/\\\/www.academiaoffices.hu\\\/index.php\\\/2024\\\/12\\\/03\\\/az-academia-a-digitalis-epiteszet-elvonalaban\\\/#primaryimage\"},\"thumbnailUrl\":\"https:\\\/\\\/www.academiaoffices.hu\\\/wp-content\\\/uploads\\\/2024\\\/12\\\/IMG_3041-scaled.jpg\",\"datePublished\":\"2024-12-03T10:16:30+00:00\",\"dateModified\":\"2024-12-03T10:37:11+00:00\",\"description\":\"Nagy megtiszteltet\u00e9s sz\u00e1munkra, hogy id\u00e9n a BuildEXT-tel k\u00f6z\u00f6sen r\u00e9szt vehett\u00fcnk a Dalux Summit 2024-en.\",\"breadcrumb\":{\"@id\":\"https:\\\/\\\/www.academiaoffices.hu\\\/index.php\\\/2024\\\/12\\\/03\\\/az-academia-a-digitalis-epiteszet-elvonalaban\\\/#breadcrumb\"},\"inLanguage\":\"hu\",\"potentialAction\":[{\"@type\":\"ReadAction\",\"target\":[\"https:\\\/\\\/www.academiaoffices.hu\\\/index.php\\\/2024\\\/12\\\/03\\\/az-academia-a-digitalis-epiteszet-elvonalaban\\\/\"]}]},{\"@type\":\"ImageObject\",\"inLanguage\":\"hu\",\"@id\":\"https:\\\/\\\/www.academiaoffices.hu\\\/index.php\\\/2024\\\/12\\\/03\\\/az-academia-a-digitalis-epiteszet-elvonalaban\\\/#primaryimage\",\"url\":\"https:\\\/\\\/www.academiaoffices.hu\\\/wp-content\\\/uploads\\\/2024\\\/12\\\/IMG_3041-scaled.jpg\",\"contentUrl\":\"https:\\\/\\\/www.academiaoffices.hu\\\/wp-content\\\/uploads\\\/2024\\\/12\\\/IMG_3041-scaled.jpg\",\"width\":2560,\"height\":1920},{\"@type\":\"BreadcrumbList\",\"@id\":\"https:\\\/\\\/www.academiaoffices.hu\\\/index.php\\\/2024\\\/12\\\/03\\\/az-academia-a-digitalis-epiteszet-elvonalaban\\\/#breadcrumb\",\"itemListElement\":[{\"@type\":\"ListItem\",\"position\":1,\"name\":\"Kezd\u0151lap\",\"item\":\"https:\\\/\\\/www.academiaoffices.hu\\\/?lang=en\"},{\"@type\":\"ListItem\",\"position\":2,\"name\":\"Az ACADEMIA a digit\u00e1lis \u00e9p\u00edt\u00e9szet \u00e9lvonal\u00e1ban\"}]},{\"@type\":\"WebSite\",\"@id\":\"https:\\\/\\\/www.academiaoffices.hu\\\/#website\",\"url\":\"https:\\\/\\\/www.academiaoffices.hu\\\/\",\"name\":\"ACADEMIA offices\",\"description\":\"Tradition meets modernity\",\"publisher\":{\"@id\":\"https:\\\/\\\/www.academiaoffices.hu\\\/#organization\"},\"potentialAction\":[{\"@type\":\"SearchAction\",\"target\":{\"@type\":\"EntryPoint\",\"urlTemplate\":\"https:\\\/\\\/www.academiaoffices.hu\\\/?s={search_term_string}\"},\"query-input\":{\"@type\":\"PropertyValueSpecification\",\"valueRequired\":true,\"valueName\":\"search_term_string\"}}],\"inLanguage\":\"hu\"},{\"@type\":\"Organization\",\"@id\":\"https:\\\/\\\/www.academiaoffices.hu\\\/#organization\",\"name\":\"ACADEMIA offices\",\"url\":\"https:\\\/\\\/www.academiaoffices.hu\\\/\",\"logo\":{\"@type\":\"ImageObject\",\"inLanguage\":\"hu\",\"@id\":\"https:\\\/\\\/www.academiaoffices.hu\\\/#\\\/schema\\\/logo\\\/image\\\/\",\"url\":\"https:\\\/\\\/www.academiaoffices.hu\\\/wp-content\\\/uploads\\\/2022\\\/07\\\/Group1.png\",\"contentUrl\":\"https:\\\/\\\/www.academiaoffices.hu\\\/wp-content\\\/uploads\\\/2022\\\/07\\\/Group1.png\",\"width\":99,\"height\":58,\"caption\":\"ACADEMIA offices\"},\"image\":{\"@id\":\"https:\\\/\\\/www.academiaoffices.hu\\\/#\\\/schema\\\/logo\\\/image\\\/\"}},{\"@type\":\"Person\",\"@id\":\"https:\\\/\\\/www.academiaoffices.hu\\\/#\\\/schema\\\/person\\\/1a5cf18b7297059d5a6d897d02a5e155\",\"name\":\"kotsis.mark@publicrelations.hu\",\"image\":{\"@type\":\"ImageObject\",\"inLanguage\":\"hu\",\"@id\":\"https:\\\/\\\/secure.gravatar.com\\\/avatar\\\/5b7cd67d52b0fd54f311831158b7b4721611fcfe845b0a23d34ec8712c3b98f8?s=96&d=mm&r=g\",\"url\":\"https:\\\/\\\/secure.gravatar.com\\\/avatar\\\/5b7cd67d52b0fd54f311831158b7b4721611fcfe845b0a23d34ec8712c3b98f8?s=96&d=mm&r=g\",\"contentUrl\":\"https:\\\/\\\/secure.gravatar.com\\\/avatar\\\/5b7cd67d52b0fd54f311831158b7b4721611fcfe845b0a23d34ec8712c3b98f8?s=96&d=mm&r=g\",\"caption\":\"kotsis.mark@publicrelations.hu\"},\"url\":\"https:\\\/\\\/www.academiaoffices.hu\\\/index.php\\\/author\\\/kotsis-markpublicrelations-hu\\\/\"}]}<\/script>\n<!-- \/ Yoast SEO plugin. -->","yoast_head_json":{"title":"Az ACADEMIA a digit\u00e1lis \u00e9p\u00edt\u00e9szet \u00e9lvonal\u00e1ban - ACADEMIA offices","description":"Nagy megtiszteltet\u00e9s sz\u00e1munkra, hogy id\u00e9n a BuildEXT-tel k\u00f6z\u00f6sen r\u00e9szt vehett\u00fcnk a Dalux Summit 2024-en.","robots":{"index":"index","follow":"follow","max-snippet":"max-snippet:-1","max-image-preview":"max-image-preview:large","max-video-preview":"max-video-preview:-1"},"canonical":"https:\/\/www.academiaoffices.hu\/index.php\/2024\/12\/03\/az-academia-a-digitalis-epiteszet-elvonalaban\/","og_locale":"hu_HU","og_type":"article","og_title":"Az ACADEMIA a digit\u00e1lis \u00e9p\u00edt\u00e9szet \u00e9lvonal\u00e1ban","og_description":"Nagy megtiszteltet\u00e9s sz\u00e1munkra, hogy id\u00e9n a BuildEXT-tel k\u00f6z\u00f6sen r\u00e9szt vehett\u00fcnk a Dalux Summit 2024-en.","og_url":"https:\/\/www.academiaoffices.hu\/index.php\/2024\/12\/03\/az-academia-a-digitalis-epiteszet-elvonalaban\/","og_site_name":"ACADEMIA offices","article_published_time":"2024-12-03T10:16:30+00:00","article_modified_time":"2024-12-03T10:37:11+00:00","og_image":[{"width":2560,"height":1920,"url":"https:\/\/www.academiaoffices.hu\/wp-content\/uploads\/2024\/12\/IMG_3041-scaled.jpg","type":"image\/jpeg"}],"author":"kotsis.mark@publicrelations.hu","twitter_card":"summary_large_image","twitter_misc":{"Szerz\u0151:":"kotsis.mark@publicrelations.hu","Becs\u00fclt olvas\u00e1si id\u0151":"2 perc"},"schema":{"@context":"https:\/\/schema.org","@graph":[{"@type":"Article","@id":"https:\/\/www.academiaoffices.hu\/index.php\/2024\/12\/03\/az-academia-a-digitalis-epiteszet-elvonalaban\/#article","isPartOf":{"@id":"https:\/\/www.academiaoffices.hu\/index.php\/2024\/12\/03\/az-academia-a-digitalis-epiteszet-elvonalaban\/"},"author":{"name":"kotsis.mark@publicrelations.hu","@id":"https:\/\/www.academiaoffices.hu\/#\/schema\/person\/1a5cf18b7297059d5a6d897d02a5e155"},"headline":"Az ACADEMIA a digit\u00e1lis \u00e9p\u00edt\u00e9szet \u00e9lvonal\u00e1ban","datePublished":"2024-12-03T10:16:30+00:00","dateModified":"2024-12-03T10:37:11+00:00","mainEntityOfPage":{"@id":"https:\/\/www.academiaoffices.hu\/index.php\/2024\/12\/03\/az-academia-a-digitalis-epiteszet-elvonalaban\/"},"wordCount":315,"commentCount":0,"publisher":{"@id":"https:\/\/www.academiaoffices.hu\/#organization"},"image":{"@id":"https:\/\/www.academiaoffices.hu\/index.php\/2024\/12\/03\/az-academia-a-digitalis-epiteszet-elvonalaban\/#primaryimage"},"thumbnailUrl":"https:\/\/www.academiaoffices.hu\/wp-content\/uploads\/2024\/12\/IMG_3041-scaled.jpg","keywords":["academiaoffices","belv\u00e1rosiiroda","budapestdowntown"],"articleSection":["H\u00cdREK"],"inLanguage":"hu","potentialAction":[{"@type":"CommentAction","name":"Comment","target":["https:\/\/www.academiaoffices.hu\/index.php\/2024\/12\/03\/az-academia-a-digitalis-epiteszet-elvonalaban\/#respond"]}]},{"@type":"WebPage","@id":"https:\/\/www.academiaoffices.hu\/index.php\/2024\/12\/03\/az-academia-a-digitalis-epiteszet-elvonalaban\/","url":"https:\/\/www.academiaoffices.hu\/index.php\/2024\/12\/03\/az-academia-a-digitalis-epiteszet-elvonalaban\/","name":"Az ACADEMIA a digit\u00e1lis \u00e9p\u00edt\u00e9szet \u00e9lvonal\u00e1ban - ACADEMIA offices","isPartOf":{"@id":"https:\/\/www.academiaoffices.hu\/#website"},"primaryImageOfPage":{"@id":"https:\/\/www.academiaoffices.hu\/index.php\/2024\/12\/03\/az-academia-a-digitalis-epiteszet-elvonalaban\/#primaryimage"},"image":{"@id":"https:\/\/www.academiaoffices.hu\/index.php\/2024\/12\/03\/az-academia-a-digitalis-epiteszet-elvonalaban\/#primaryimage"},"thumbnailUrl":"https:\/\/www.academiaoffices.hu\/wp-content\/uploads\/2024\/12\/IMG_3041-scaled.jpg","datePublished":"2024-12-03T10:16:30+00:00","dateModified":"2024-12-03T10:37:11+00:00","description":"Nagy megtiszteltet\u00e9s sz\u00e1munkra, hogy id\u00e9n a BuildEXT-tel k\u00f6z\u00f6sen r\u00e9szt vehett\u00fcnk a Dalux Summit 2024-en.","breadcrumb":{"@id":"https:\/\/www.academiaoffices.hu\/index.php\/2024\/12\/03\/az-academia-a-digitalis-epiteszet-elvonalaban\/#breadcrumb"},"inLanguage":"hu","potentialAction":[{"@type":"ReadAction","target":["https:\/\/www.academiaoffices.hu\/index.php\/2024\/12\/03\/az-academia-a-digitalis-epiteszet-elvonalaban\/"]}]},{"@type":"ImageObject","inLanguage":"hu","@id":"https:\/\/www.academiaoffices.hu\/index.php\/2024\/12\/03\/az-academia-a-digitalis-epiteszet-elvonalaban\/#primaryimage","url":"https:\/\/www.academiaoffices.hu\/wp-content\/uploads\/2024\/12\/IMG_3041-scaled.jpg","contentUrl":"https:\/\/www.academiaoffices.hu\/wp-content\/uploads\/2024\/12\/IMG_3041-scaled.jpg","width":2560,"height":1920},{"@type":"BreadcrumbList","@id":"https:\/\/www.academiaoffices.hu\/index.php\/2024\/12\/03\/az-academia-a-digitalis-epiteszet-elvonalaban\/#breadcrumb","itemListElement":[{"@type":"ListItem","position":1,"name":"Kezd\u0151lap","item":"https:\/\/www.academiaoffices.hu\/?lang=en"},{"@type":"ListItem","position":2,"name":"Az ACADEMIA a digit\u00e1lis \u00e9p\u00edt\u00e9szet \u00e9lvonal\u00e1ban"}]},{"@type":"WebSite","@id":"https:\/\/www.academiaoffices.hu\/#website","url":"https:\/\/www.academiaoffices.hu\/","name":"ACADEMIA offices","description":"Tradition meets modernity","publisher":{"@id":"https:\/\/www.academiaoffices.hu\/#organization"},"potentialAction":[{"@type":"SearchAction","target":{"@type":"EntryPoint","urlTemplate":"https:\/\/www.academiaoffices.hu\/?s={search_term_string}"},"query-input":{"@type":"PropertyValueSpecification","valueRequired":true,"valueName":"search_term_string"}}],"inLanguage":"hu"},{"@type":"Organization","@id":"https:\/\/www.academiaoffices.hu\/#organization","name":"ACADEMIA offices","url":"https:\/\/www.academiaoffices.hu\/","logo":{"@type":"ImageObject","inLanguage":"hu","@id":"https:\/\/www.academiaoffices.hu\/#\/schema\/logo\/image\/","url":"https:\/\/www.academiaoffices.hu\/wp-content\/uploads\/2022\/07\/Group1.png","contentUrl":"https:\/\/www.academiaoffices.hu\/wp-content\/uploads\/2022\/07\/Group1.png","width":99,"height":58,"caption":"ACADEMIA offices"},"image":{"@id":"https:\/\/www.academiaoffices.hu\/#\/schema\/logo\/image\/"}},{"@type":"Person","@id":"https:\/\/www.academiaoffices.hu\/#\/schema\/person\/1a5cf18b7297059d5a6d897d02a5e155","name":"kotsis.mark@publicrelations.hu","image":{"@type":"ImageObject","inLanguage":"hu","@id":"https:\/\/secure.gravatar.com\/avatar\/5b7cd67d52b0fd54f311831158b7b4721611fcfe845b0a23d34ec8712c3b98f8?s=96&d=mm&r=g","url":"https:\/\/secure.gravatar.com\/avatar\/5b7cd67d52b0fd54f311831158b7b4721611fcfe845b0a23d34ec8712c3b98f8?s=96&d=mm&r=g","contentUrl":"https:\/\/secure.gravatar.com\/avatar\/5b7cd67d52b0fd54f311831158b7b4721611fcfe845b0a23d34ec8712c3b98f8?s=96&d=mm&r=g","caption":"kotsis.mark@publicrelations.hu"},"url":"https:\/\/www.academiaoffices.hu\/index.php\/author\/kotsis-markpublicrelations-hu\/"}]}},"_links":{"self":[{"href":"https:\/\/www.academiaoffices.hu\/index.php\/wp-json\/wp\/v2\/posts\/2926","targetHints":{"allow":["GET"]}}],"collection":[{"href":"https:\/\/www.academiaoffices.hu\/index.php\/wp-json\/wp\/v2\/posts"}],"about":[{"href":"https:\/\/www.academiaoffices.hu\/index.php\/wp-json\/wp\/v2\/types\/post"}],"author":[{"embeddable":true,"href":"https:\/\/www.academiaoffices.hu\/index.php\/wp-json\/wp\/v2\/users\/7"}],"replies":[{"embeddable":true,"href":"https:\/\/www.academiaoffices.hu\/index.php\/wp-json\/wp\/v2\/comments?post=2926"}],"version-history":[{"count":5,"href":"https:\/\/www.academiaoffices.hu\/index.php\/wp-json\/wp\/v2\/posts\/2926\/revisions"}],"predecessor-version":[{"id":2939,"href":"https:\/\/www.academiaoffices.hu\/index.php\/wp-json\/wp\/v2\/posts\/2926\/revisions\/2939"}],"wp:featuredmedia":[{"embeddable":true,"href":"https:\/\/www.academiaoffices.hu\/index.php\/wp-json\/wp\/v2\/media\/2928"}],"wp:attachment":[{"href":"https:\/\/www.academiaoffices.hu\/index.php\/wp-json\/wp\/v2\/media?parent=2926"}],"wp:term":[{"taxonomy":"category","embeddable":true,"href":"https:\/\/www.academiaoffices.hu\/index.php\/wp-json\/wp\/v2\/categories?post=2926"},{"taxonomy":"post_tag","embeddable":true,"href":"https:\/\/www.academiaoffices.hu\/index.php\/wp-json\/wp\/v2\/tags?post=2926"}],"curies":[{"name":"wp","href":"https:\/\/api.w.org\/{rel}","templated":true}]}}