{"id":2697,"date":"2024-05-29T13:17:13","date_gmt":"2024-05-29T13:17:13","guid":{"rendered":"https:\/\/www.academiaoffices.hu\/?p=2697"},"modified":"2024-05-29T13:17:14","modified_gmt":"2024-05-29T13:17:14","slug":"setatavra-az-academiatol","status":"publish","type":"post","link":"https:\/\/www.academiaoffices.hu\/index.php\/2024\/05\/29\/setatavra-az-academiatol\/","title":{"rendered":"S\u00e9tat\u00e1vra az ACADEMIA-t\u00f3l!\u00a0"},"content":{"rendered":"\n<p><em>A k\u00f6zelm\u00faltban\u00a0meg\u00fajult Arany J\u00e1nos utca\u00a0nemcsak a k\u00f6rny\u00e9k megjelen\u00e9s\u00e9t \u00e9l\u00e9nk\u00edti fel, hanem tov\u00e1bb er\u0151s\u00edti az ACADEMIA irodah\u00e1z \u00e1ltal k\u00e9pviselt \u00e9rt\u00e9keket is. A szakasz az irodah\u00e1zhoz hasonl\u00f3an rendk\u00edv\u00fcl innovat\u00edv megold\u00e1sokkal \u00fajult meg, \u00edgy b\u00e9rl\u0151ink garant\u00e1ltan magas min\u0151s\u00e9ggel tal\u00e1lkozhatnak az iroda falain bel\u00fcl \u00e9s azon k\u00edv\u00fcl.<\/em><\/p>\n\n\n\n<p><strong>A gyalogos k\u00f6zleked\u00e9s \u00e9lm\u00e9nny\u00e9 v\u00e1lik!<\/strong><\/p>\n\n\n\n<p>Az ACADEMIA irodah\u00e1z szomsz\u00e9ds\u00e1g\u00e1ban \u00faj padokat \u00e9s egy iv\u00f3kutat is elhelyeztek. Az utca eg\u00e9sze egys\u00e9ges megjelen\u00e9st kapott. A gyalogosbar\u00e1t k\u00f6rny\u00e9k biztos\u00edt\u00e1sa \u00e9rdek\u00e9ben pedig \u00faj, 30 km\/h-s sebess\u00e9gkorl\u00e1toz\u00e1st vezettek be. Az utca f\u00e9nyei is meg\u00fajultak nemcsak energiatakar\u00e9kosabb, hanem modernebb megjelen\u00e9st is kaptak. Az \u00faj l\u00e1mpaoszlopok mellett, az eddigi f\u00e9nyelemeket LED vil\u00e1g\u00edt\u00e1sra cser\u00e9lt\u00e9k, \u00edgy a nappali \u00e9s az esti f\u00e9ny\u00e1r is t\u00f6k\u00e9letes pomp\u00e1ban vil\u00e1g\u00edtja meg az utca \u00e9p\u00fcleteit, amit\u0151l m\u00e9g vonz\u00f3bb s\u00e9tavonall\u00e1 v\u00e1lik az Arany J\u00e1nos utca.<\/p>\n\n\n\n<figure class=\"wp-block-gallery has-nested-images columns-default is-cropped wp-block-gallery-1 is-layout-flex wp-block-gallery-is-layout-flex\">\n<figure class=\"wp-block-image size-large\"><img fetchpriority=\"high\" decoding=\"async\" width=\"1024\" height=\"461\" data-id=\"2698\" src=\"https:\/\/www.academiaoffices.hu\/wp-content\/uploads\/2024\/05\/20240412_065003-1024x461.jpg\" alt=\"\" class=\"wp-image-2698\" srcset=\"https:\/\/www.academiaoffices.hu\/wp-content\/uploads\/2024\/05\/20240412_065003-1024x461.jpg 1024w, https:\/\/www.academiaoffices.hu\/wp-content\/uploads\/2024\/05\/20240412_065003-300x135.jpg 300w, https:\/\/www.academiaoffices.hu\/wp-content\/uploads\/2024\/05\/20240412_065003-768x345.jpg 768w, https:\/\/www.academiaoffices.hu\/wp-content\/uploads\/2024\/05\/20240412_065003-1536x691.jpg 1536w, https:\/\/www.academiaoffices.hu\/wp-content\/uploads\/2024\/05\/20240412_065003-2048x921.jpg 2048w\" sizes=\"(max-width: 1024px) 100vw, 1024px\" \/><figcaption class=\"wp-element-caption\">Napfelkelte az Arany J\u00e1nos utc\u00e1n<\/figcaption><\/figure>\n\n\n\n<figure class=\"wp-block-image size-large\"><img decoding=\"async\" width=\"627\" height=\"418\" data-id=\"2700\" src=\"https:\/\/www.academiaoffices.hu\/wp-content\/uploads\/2024\/05\/IMG_6086.jpg\" alt=\"\" class=\"wp-image-2700\" srcset=\"https:\/\/www.academiaoffices.hu\/wp-content\/uploads\/2024\/05\/IMG_6086.jpg 627w, https:\/\/www.academiaoffices.hu\/wp-content\/uploads\/2024\/05\/IMG_6086-300x200.jpg 300w\" sizes=\"(max-width: 627px) 100vw, 627px\" \/><figcaption class=\"wp-element-caption\">Sz\u00e9chenyi rakpart<\/figcaption><\/figure>\n\n\n\n<figure class=\"wp-block-image size-large\"><img decoding=\"async\" width=\"1024\" height=\"683\" data-id=\"2704\" src=\"https:\/\/www.academiaoffices.hu\/wp-content\/uploads\/2024\/05\/BT_20230329_AkademiaOffice_322-1024x683.jpg\" alt=\"\" class=\"wp-image-2704\" srcset=\"https:\/\/www.academiaoffices.hu\/wp-content\/uploads\/2024\/05\/BT_20230329_AkademiaOffice_322-1024x683.jpg 1024w, https:\/\/www.academiaoffices.hu\/wp-content\/uploads\/2024\/05\/BT_20230329_AkademiaOffice_322-300x200.jpg 300w, https:\/\/www.academiaoffices.hu\/wp-content\/uploads\/2024\/05\/BT_20230329_AkademiaOffice_322-768x512.jpg 768w, https:\/\/www.academiaoffices.hu\/wp-content\/uploads\/2024\/05\/BT_20230329_AkademiaOffice_322-1536x1024.jpg 1536w, https:\/\/www.academiaoffices.hu\/wp-content\/uploads\/2024\/05\/BT_20230329_AkademiaOffice_322-2048x1365.jpg 2048w\" sizes=\"(max-width: 1024px) 100vw, 1024px\" \/><figcaption class=\"wp-element-caption\">Biciklista az Arany J\u00e1nos utc\u00e1ban<\/figcaption><\/figure>\n<\/figure>\n\n\n\n<p><strong>O\u00e1zis a belv\u00e1ros sz\u00edv\u00e9ben<\/strong><\/p>\n\n\n\n<p>Az utc\u00e1t t\u00f6bb, mint 160 n\u00e9gyzetm\u00e9teren \u00e1t z\u00f6ld\u00edtett\u00e9k be a legkorszer\u0171bb technol\u00f3gi\u00e1k seg\u00edts\u00e9g\u00e9vel, amely sor\u00e1n 100 fa telep\u00edt\u00e9s\u00e9re is sor ker\u00fclt. A f\u00e1s\u00edt\u00e1s nemcsak fenntarthat\u00f3s\u00e1gi szempontb\u00f3l v\u00e1lik az utca el\u0151ny\u00e9re, hanem annak l\u00e1tk\u00e9p\u00e9t is feldobja a term\u00e9szet sz\u00edneivel.<\/p>\n\n\n\n<p><strong>A k\u00f6zelben gyalog k\u00f6nnyen megk\u00f6zel\u00edthet\u0151 t\u00e1vols\u00e1gban t\u00f6bb z\u00f6ldter\u00fclet is el\u00e9rhet\u0151:<\/strong><\/p>\n\n\n\n<p><strong>Szabads\u00e1g t\u00e9r:<\/strong>&nbsp;t\u00f6lt\u0151djenek fel a t\u00f6rt\u00e9nelmi l\u00e9gk\u00f6rben \u00e9s z\u00f6ld park ny\u00fajtotta friss leveg\u0151t a szomsz\u00e9ds\u00e1gban, amely t\u00f6k\u00e9letes kikapcsol\u00f3d\u00e1st ny\u00fajt az irodai munka k\u00f6zben.<\/p>\n\n\n\n<p><strong>Podmaniczky Frigyes t\u00e9r:<\/strong>&nbsp;A modern k\u00f6rnyezet \u00e9s a k\u00fcl\u00f6nf\u00e9le \u00fczletek, k\u00e1v\u00e9z\u00f3k \u00e9s \u00e9ttermek soksz\u00edn\u0171 v\u00e1laszt\u00e9ka megk\u00f6nny\u00edti a dolgoz\u00f3k sz\u00e1m\u00e1ra a mindennapi \u00e9let\u00fcket.<\/p>\n\n\n\n<p><strong>Erzs\u00e9bet t\u00e9r:<\/strong>&nbsp;A rendezv\u00e9nyek \u00e9s kultur\u00e1lis programok b\u0151s\u00e9ges k\u00edn\u00e1lata mellett az Erzs\u00e9bet t\u00e9r kiv\u00e1l\u00f3 lehet\u0151s\u00e9get k\u00edn\u00e1l a szabadid\u0151s tev\u00e9kenys\u00e9gekre \u00e9s a csapat\u00e9p\u00edt\u0151 esem\u00e9nyekre.<\/p>\n\n\n\n<p><strong>Az ACADEMIA irodah\u00e1z kutyabar\u00e1t, a s\u00e9t\u00e1ltat\u00e1s lehet\u0151s\u00e9gei is a k\u00f6zelben vannak:<\/strong><\/p>\n\n\n\n<p><strong>Duna part:<\/strong>&nbsp;Pihenjenek vagy s\u00e9t\u00e1ljanak a gy\u00f6ny\u00f6r\u0171 Duna parton, amely inspir\u00e1ci\u00f3t \u00e9s kikapcsol\u00f3d\u00e1st ny\u00fajt a munka mellett.<\/p>\n\n\n\n<p><strong>Sz\u00e9chenyi Istv\u00e1n t\u00e9r:&nbsp;<\/strong>A k\u00f6zponti fekv\u00e9s\u0171 t\u00e9r kiv\u00e1l\u00f3 helysz\u00ednt biztos\u00edt a kedvenceikkel val\u00f3 egy\u00fctt t\u00f6lt\u00f6tt id\u0151h\u00f6z.<\/p>\n\n\n\n<p>Az ACADEMIA irodah\u00e1z \u00e9rt\u00e9keit k\u00e9pviselve, arra b\u00edztatjuk, hogy csatlakozzanak hozz\u00e1nk \u00e9s tapasztalj\u00e1k meg a gyalogos k\u00f6zleked\u00e9s szabads\u00e1g\u00e1t \u00e9s \u00f6r\u00f6m\u00e9t! Legyenek r\u00e9szesei egy \u00e9l\u00e9nk \u00e9s eg\u00e9szs\u00e9ges k\u00f6z\u00f6ss\u00e9gnek, ahol minden l\u00e9p\u00e9s\u00fck sz\u00e1m\u00edt.<\/p>\n","protected":false},"excerpt":{"rendered":"<p>A k\u00f6zelm\u00faltban\u00a0meg\u00fajult Arany J\u00e1nos utca\u00a0tov\u00e1bb er\u0151s\u00edti az ACADEMIA irodah\u00e1z \u00e1ltal k\u00e9pviselt \u00e9rt\u00e9keket is.<\/p>\n","protected":false},"author":4,"featured_media":2698,"comment_status":"open","ping_status":"open","sticky":false,"template":"","format":"standard","meta":{"footnotes":""},"categories":[125],"tags":[100,124,97,66,67,54],"class_list":["post-2697","post","type-post","status-publish","format-standard","has-post-thumbnail","hentry","category-blog","tag-akademiautca","tag-aranyjanos","tag-aranyjanosutca","tag-belvarosiiroda-2","tag-irodakiado","tag-kiadoiroda"],"yoast_head":"<!-- This site is optimized with the Yoast SEO plugin v27.3 - https:\/\/yoast.com\/product\/yoast-seo-wordpress\/ -->\n<title>S\u00e9tat\u00e1vra az ACADEMIA-t\u00f3l!\u00a0 - ACADEMIA offices<\/title>\n<meta name=\"description\" content=\"A k\u00f6zelm\u00faltban\u00a0meg\u00fajult Arany J\u00e1nos utca\u00a0tov\u00e1bb er\u0151s\u00edti az ACADEMIA irodah\u00e1z \u00e1ltal k\u00e9pviselt \u00e9rt\u00e9keket is.\" \/>\n<meta name=\"robots\" content=\"index, follow, max-snippet:-1, max-image-preview:large, max-video-preview:-1\" \/>\n<link rel=\"canonical\" href=\"https:\/\/www.academiaoffices.hu\/index.php\/2024\/05\/29\/setatavra-az-academiatol\/\" \/>\n<meta property=\"og:locale\" content=\"hu_HU\" \/>\n<meta property=\"og:type\" content=\"article\" \/>\n<meta property=\"og:title\" content=\"S\u00e9tat\u00e1vra az ACADEMIA-t\u00f3l!\u00a0 - ACADEMIA offices\" \/>\n<meta property=\"og:description\" content=\"A k\u00f6zelm\u00faltban\u00a0meg\u00fajult Arany J\u00e1nos utca\u00a0tov\u00e1bb er\u0151s\u00edti az ACADEMIA irodah\u00e1z \u00e1ltal k\u00e9pviselt \u00e9rt\u00e9keket is.\" \/>\n<meta property=\"og:url\" content=\"https:\/\/www.academiaoffices.hu\/index.php\/2024\/05\/29\/setatavra-az-academiatol\/\" \/>\n<meta property=\"og:site_name\" content=\"ACADEMIA offices\" \/>\n<meta property=\"article:published_time\" content=\"2024-05-29T13:17:13+00:00\" \/>\n<meta property=\"article:modified_time\" content=\"2024-05-29T13:17:14+00:00\" \/>\n<meta property=\"og:image\" content=\"https:\/\/www.academiaoffices.hu\/wp-content\/uploads\/2024\/05\/20240412_065003-scaled.jpg\" \/>\n\t<meta property=\"og:image:width\" content=\"2560\" \/>\n\t<meta property=\"og:image:height\" content=\"1151\" \/>\n\t<meta property=\"og:image:type\" content=\"image\/jpeg\" \/>\n<meta name=\"author\" content=\"convergence.office\" \/>\n<meta name=\"twitter:card\" content=\"summary_large_image\" \/>\n<meta name=\"twitter:label1\" content=\"Szerz\u0151:\" \/>\n\t<meta name=\"twitter:data1\" content=\"convergence.office\" \/>\n\t<meta name=\"twitter:label2\" content=\"Becs\u00fclt olvas\u00e1si id\u0151\" \/>\n\t<meta name=\"twitter:data2\" content=\"3 perc\" \/>\n<script type=\"application\/ld+json\" class=\"yoast-schema-graph\">{\"@context\":\"https:\\\/\\\/schema.org\",\"@graph\":[{\"@type\":\"Article\",\"@id\":\"https:\\\/\\\/www.academiaoffices.hu\\\/index.php\\\/2024\\\/05\\\/29\\\/setatavra-az-academiatol\\\/#article\",\"isPartOf\":{\"@id\":\"https:\\\/\\\/www.academiaoffices.hu\\\/index.php\\\/2024\\\/05\\\/29\\\/setatavra-az-academiatol\\\/\"},\"author\":{\"name\":\"convergence.office\",\"@id\":\"https:\\\/\\\/www.academiaoffices.hu\\\/#\\\/schema\\\/person\\\/df7cf834a77b23b98ff06829317757f9\"},\"headline\":\"S\u00e9tat\u00e1vra az ACADEMIA-t\u00f3l!\u00a0\",\"datePublished\":\"2024-05-29T13:17:13+00:00\",\"dateModified\":\"2024-05-29T13:17:14+00:00\",\"mainEntityOfPage\":{\"@id\":\"https:\\\/\\\/www.academiaoffices.hu\\\/index.php\\\/2024\\\/05\\\/29\\\/setatavra-az-academiatol\\\/\"},\"wordCount\":580,\"commentCount\":0,\"publisher\":{\"@id\":\"https:\\\/\\\/www.academiaoffices.hu\\\/#organization\"},\"image\":{\"@id\":\"https:\\\/\\\/www.academiaoffices.hu\\\/index.php\\\/2024\\\/05\\\/29\\\/setatavra-az-academiatol\\\/#primaryimage\"},\"thumbnailUrl\":\"https:\\\/\\\/www.academiaoffices.hu\\\/wp-content\\\/uploads\\\/2024\\\/05\\\/20240412_065003-scaled.jpg\",\"keywords\":[\"akad\u00e9miautca\",\"aranyj\u00e1nos\",\"aranyj\u00e1nosutca\",\"belv\u00e1rosiiroda\",\"irodakiad\u00f3\",\"kiad\u00f3iroda\"],\"articleSection\":[\"BLOG\"],\"inLanguage\":\"hu\",\"potentialAction\":[{\"@type\":\"CommentAction\",\"name\":\"Comment\",\"target\":[\"https:\\\/\\\/www.academiaoffices.hu\\\/index.php\\\/2024\\\/05\\\/29\\\/setatavra-az-academiatol\\\/#respond\"]}]},{\"@type\":\"WebPage\",\"@id\":\"https:\\\/\\\/www.academiaoffices.hu\\\/index.php\\\/2024\\\/05\\\/29\\\/setatavra-az-academiatol\\\/\",\"url\":\"https:\\\/\\\/www.academiaoffices.hu\\\/index.php\\\/2024\\\/05\\\/29\\\/setatavra-az-academiatol\\\/\",\"name\":\"S\u00e9tat\u00e1vra az ACADEMIA-t\u00f3l!\u00a0 - ACADEMIA offices\",\"isPartOf\":{\"@id\":\"https:\\\/\\\/www.academiaoffices.hu\\\/#website\"},\"primaryImageOfPage\":{\"@id\":\"https:\\\/\\\/www.academiaoffices.hu\\\/index.php\\\/2024\\\/05\\\/29\\\/setatavra-az-academiatol\\\/#primaryimage\"},\"image\":{\"@id\":\"https:\\\/\\\/www.academiaoffices.hu\\\/index.php\\\/2024\\\/05\\\/29\\\/setatavra-az-academiatol\\\/#primaryimage\"},\"thumbnailUrl\":\"https:\\\/\\\/www.academiaoffices.hu\\\/wp-content\\\/uploads\\\/2024\\\/05\\\/20240412_065003-scaled.jpg\",\"datePublished\":\"2024-05-29T13:17:13+00:00\",\"dateModified\":\"2024-05-29T13:17:14+00:00\",\"description\":\"A k\u00f6zelm\u00faltban\u00a0meg\u00fajult Arany J\u00e1nos utca\u00a0tov\u00e1bb er\u0151s\u00edti az ACADEMIA irodah\u00e1z \u00e1ltal k\u00e9pviselt \u00e9rt\u00e9keket is.\",\"breadcrumb\":{\"@id\":\"https:\\\/\\\/www.academiaoffices.hu\\\/index.php\\\/2024\\\/05\\\/29\\\/setatavra-az-academiatol\\\/#breadcrumb\"},\"inLanguage\":\"hu\",\"potentialAction\":[{\"@type\":\"ReadAction\",\"target\":[\"https:\\\/\\\/www.academiaoffices.hu\\\/index.php\\\/2024\\\/05\\\/29\\\/setatavra-az-academiatol\\\/\"]}]},{\"@type\":\"ImageObject\",\"inLanguage\":\"hu\",\"@id\":\"https:\\\/\\\/www.academiaoffices.hu\\\/index.php\\\/2024\\\/05\\\/29\\\/setatavra-az-academiatol\\\/#primaryimage\",\"url\":\"https:\\\/\\\/www.academiaoffices.hu\\\/wp-content\\\/uploads\\\/2024\\\/05\\\/20240412_065003-scaled.jpg\",\"contentUrl\":\"https:\\\/\\\/www.academiaoffices.hu\\\/wp-content\\\/uploads\\\/2024\\\/05\\\/20240412_065003-scaled.jpg\",\"width\":2560,\"height\":1151,\"caption\":\"Napfelkelte az Arany J\u00e1nos utc\u00e1n\"},{\"@type\":\"BreadcrumbList\",\"@id\":\"https:\\\/\\\/www.academiaoffices.hu\\\/index.php\\\/2024\\\/05\\\/29\\\/setatavra-az-academiatol\\\/#breadcrumb\",\"itemListElement\":[{\"@type\":\"ListItem\",\"position\":1,\"name\":\"Kezd\u0151lap\",\"item\":\"https:\\\/\\\/www.academiaoffices.hu\\\/?lang=en\"},{\"@type\":\"ListItem\",\"position\":2,\"name\":\"S\u00e9tat\u00e1vra az ACADEMIA-t\u00f3l!\u00a0\"}]},{\"@type\":\"WebSite\",\"@id\":\"https:\\\/\\\/www.academiaoffices.hu\\\/#website\",\"url\":\"https:\\\/\\\/www.academiaoffices.hu\\\/\",\"name\":\"ACADEMIA offices\",\"description\":\"Tradition meets modernity\",\"publisher\":{\"@id\":\"https:\\\/\\\/www.academiaoffices.hu\\\/#organization\"},\"potentialAction\":[{\"@type\":\"SearchAction\",\"target\":{\"@type\":\"EntryPoint\",\"urlTemplate\":\"https:\\\/\\\/www.academiaoffices.hu\\\/?s={search_term_string}\"},\"query-input\":{\"@type\":\"PropertyValueSpecification\",\"valueRequired\":true,\"valueName\":\"search_term_string\"}}],\"inLanguage\":\"hu\"},{\"@type\":\"Organization\",\"@id\":\"https:\\\/\\\/www.academiaoffices.hu\\\/#organization\",\"name\":\"ACADEMIA offices\",\"url\":\"https:\\\/\\\/www.academiaoffices.hu\\\/\",\"logo\":{\"@type\":\"ImageObject\",\"inLanguage\":\"hu\",\"@id\":\"https:\\\/\\\/www.academiaoffices.hu\\\/#\\\/schema\\\/logo\\\/image\\\/\",\"url\":\"https:\\\/\\\/www.academiaoffices.hu\\\/wp-content\\\/uploads\\\/2022\\\/07\\\/Group1.png\",\"contentUrl\":\"https:\\\/\\\/www.academiaoffices.hu\\\/wp-content\\\/uploads\\\/2022\\\/07\\\/Group1.png\",\"width\":99,\"height\":58,\"caption\":\"ACADEMIA offices\"},\"image\":{\"@id\":\"https:\\\/\\\/www.academiaoffices.hu\\\/#\\\/schema\\\/logo\\\/image\\\/\"}},{\"@type\":\"Person\",\"@id\":\"https:\\\/\\\/www.academiaoffices.hu\\\/#\\\/schema\\\/person\\\/df7cf834a77b23b98ff06829317757f9\",\"name\":\"convergence.office\",\"image\":{\"@type\":\"ImageObject\",\"inLanguage\":\"hu\",\"@id\":\"https:\\\/\\\/secure.gravatar.com\\\/avatar\\\/f6380bedb84875f651f84ad11702714675269cd585a2f3a7e07644811e5a59d5?s=96&d=mm&r=g\",\"url\":\"https:\\\/\\\/secure.gravatar.com\\\/avatar\\\/f6380bedb84875f651f84ad11702714675269cd585a2f3a7e07644811e5a59d5?s=96&d=mm&r=g\",\"contentUrl\":\"https:\\\/\\\/secure.gravatar.com\\\/avatar\\\/f6380bedb84875f651f84ad11702714675269cd585a2f3a7e07644811e5a59d5?s=96&d=mm&r=g\",\"caption\":\"convergence.office\"},\"url\":\"https:\\\/\\\/www.academiaoffices.hu\\\/index.php\\\/author\\\/convergence-office\\\/\"}]}<\/script>\n<!-- \/ Yoast SEO plugin. -->","yoast_head_json":{"title":"S\u00e9tat\u00e1vra az ACADEMIA-t\u00f3l!\u00a0 - ACADEMIA offices","description":"A k\u00f6zelm\u00faltban\u00a0meg\u00fajult Arany J\u00e1nos utca\u00a0tov\u00e1bb er\u0151s\u00edti az ACADEMIA irodah\u00e1z \u00e1ltal k\u00e9pviselt \u00e9rt\u00e9keket is.","robots":{"index":"index","follow":"follow","max-snippet":"max-snippet:-1","max-image-preview":"max-image-preview:large","max-video-preview":"max-video-preview:-1"},"canonical":"https:\/\/www.academiaoffices.hu\/index.php\/2024\/05\/29\/setatavra-az-academiatol\/","og_locale":"hu_HU","og_type":"article","og_title":"S\u00e9tat\u00e1vra az ACADEMIA-t\u00f3l!\u00a0 - ACADEMIA offices","og_description":"A k\u00f6zelm\u00faltban\u00a0meg\u00fajult Arany J\u00e1nos utca\u00a0tov\u00e1bb er\u0151s\u00edti az ACADEMIA irodah\u00e1z \u00e1ltal k\u00e9pviselt \u00e9rt\u00e9keket is.","og_url":"https:\/\/www.academiaoffices.hu\/index.php\/2024\/05\/29\/setatavra-az-academiatol\/","og_site_name":"ACADEMIA offices","article_published_time":"2024-05-29T13:17:13+00:00","article_modified_time":"2024-05-29T13:17:14+00:00","og_image":[{"width":2560,"height":1151,"url":"https:\/\/www.academiaoffices.hu\/wp-content\/uploads\/2024\/05\/20240412_065003-scaled.jpg","type":"image\/jpeg"}],"author":"convergence.office","twitter_card":"summary_large_image","twitter_misc":{"Szerz\u0151:":"convergence.office","Becs\u00fclt olvas\u00e1si id\u0151":"3 perc"},"schema":{"@context":"https:\/\/schema.org","@graph":[{"@type":"Article","@id":"https:\/\/www.academiaoffices.hu\/index.php\/2024\/05\/29\/setatavra-az-academiatol\/#article","isPartOf":{"@id":"https:\/\/www.academiaoffices.hu\/index.php\/2024\/05\/29\/setatavra-az-academiatol\/"},"author":{"name":"convergence.office","@id":"https:\/\/www.academiaoffices.hu\/#\/schema\/person\/df7cf834a77b23b98ff06829317757f9"},"headline":"S\u00e9tat\u00e1vra az ACADEMIA-t\u00f3l!\u00a0","datePublished":"2024-05-29T13:17:13+00:00","dateModified":"2024-05-29T13:17:14+00:00","mainEntityOfPage":{"@id":"https:\/\/www.academiaoffices.hu\/index.php\/2024\/05\/29\/setatavra-az-academiatol\/"},"wordCount":580,"commentCount":0,"publisher":{"@id":"https:\/\/www.academiaoffices.hu\/#organization"},"image":{"@id":"https:\/\/www.academiaoffices.hu\/index.php\/2024\/05\/29\/setatavra-az-academiatol\/#primaryimage"},"thumbnailUrl":"https:\/\/www.academiaoffices.hu\/wp-content\/uploads\/2024\/05\/20240412_065003-scaled.jpg","keywords":["akad\u00e9miautca","aranyj\u00e1nos","aranyj\u00e1nosutca","belv\u00e1rosiiroda","irodakiad\u00f3","kiad\u00f3iroda"],"articleSection":["BLOG"],"inLanguage":"hu","potentialAction":[{"@type":"CommentAction","name":"Comment","target":["https:\/\/www.academiaoffices.hu\/index.php\/2024\/05\/29\/setatavra-az-academiatol\/#respond"]}]},{"@type":"WebPage","@id":"https:\/\/www.academiaoffices.hu\/index.php\/2024\/05\/29\/setatavra-az-academiatol\/","url":"https:\/\/www.academiaoffices.hu\/index.php\/2024\/05\/29\/setatavra-az-academiatol\/","name":"S\u00e9tat\u00e1vra az ACADEMIA-t\u00f3l!\u00a0 - ACADEMIA offices","isPartOf":{"@id":"https:\/\/www.academiaoffices.hu\/#website"},"primaryImageOfPage":{"@id":"https:\/\/www.academiaoffices.hu\/index.php\/2024\/05\/29\/setatavra-az-academiatol\/#primaryimage"},"image":{"@id":"https:\/\/www.academiaoffices.hu\/index.php\/2024\/05\/29\/setatavra-az-academiatol\/#primaryimage"},"thumbnailUrl":"https:\/\/www.academiaoffices.hu\/wp-content\/uploads\/2024\/05\/20240412_065003-scaled.jpg","datePublished":"2024-05-29T13:17:13+00:00","dateModified":"2024-05-29T13:17:14+00:00","description":"A k\u00f6zelm\u00faltban\u00a0meg\u00fajult Arany J\u00e1nos utca\u00a0tov\u00e1bb er\u0151s\u00edti az ACADEMIA irodah\u00e1z \u00e1ltal k\u00e9pviselt \u00e9rt\u00e9keket is.","breadcrumb":{"@id":"https:\/\/www.academiaoffices.hu\/index.php\/2024\/05\/29\/setatavra-az-academiatol\/#breadcrumb"},"inLanguage":"hu","potentialAction":[{"@type":"ReadAction","target":["https:\/\/www.academiaoffices.hu\/index.php\/2024\/05\/29\/setatavra-az-academiatol\/"]}]},{"@type":"ImageObject","inLanguage":"hu","@id":"https:\/\/www.academiaoffices.hu\/index.php\/2024\/05\/29\/setatavra-az-academiatol\/#primaryimage","url":"https:\/\/www.academiaoffices.hu\/wp-content\/uploads\/2024\/05\/20240412_065003-scaled.jpg","contentUrl":"https:\/\/www.academiaoffices.hu\/wp-content\/uploads\/2024\/05\/20240412_065003-scaled.jpg","width":2560,"height":1151,"caption":"Napfelkelte az Arany J\u00e1nos utc\u00e1n"},{"@type":"BreadcrumbList","@id":"https:\/\/www.academiaoffices.hu\/index.php\/2024\/05\/29\/setatavra-az-academiatol\/#breadcrumb","itemListElement":[{"@type":"ListItem","position":1,"name":"Kezd\u0151lap","item":"https:\/\/www.academiaoffices.hu\/?lang=en"},{"@type":"ListItem","position":2,"name":"S\u00e9tat\u00e1vra az ACADEMIA-t\u00f3l!\u00a0"}]},{"@type":"WebSite","@id":"https:\/\/www.academiaoffices.hu\/#website","url":"https:\/\/www.academiaoffices.hu\/","name":"ACADEMIA offices","description":"Tradition meets modernity","publisher":{"@id":"https:\/\/www.academiaoffices.hu\/#organization"},"potentialAction":[{"@type":"SearchAction","target":{"@type":"EntryPoint","urlTemplate":"https:\/\/www.academiaoffices.hu\/?s={search_term_string}"},"query-input":{"@type":"PropertyValueSpecification","valueRequired":true,"valueName":"search_term_string"}}],"inLanguage":"hu"},{"@type":"Organization","@id":"https:\/\/www.academiaoffices.hu\/#organization","name":"ACADEMIA offices","url":"https:\/\/www.academiaoffices.hu\/","logo":{"@type":"ImageObject","inLanguage":"hu","@id":"https:\/\/www.academiaoffices.hu\/#\/schema\/logo\/image\/","url":"https:\/\/www.academiaoffices.hu\/wp-content\/uploads\/2022\/07\/Group1.png","contentUrl":"https:\/\/www.academiaoffices.hu\/wp-content\/uploads\/2022\/07\/Group1.png","width":99,"height":58,"caption":"ACADEMIA offices"},"image":{"@id":"https:\/\/www.academiaoffices.hu\/#\/schema\/logo\/image\/"}},{"@type":"Person","@id":"https:\/\/www.academiaoffices.hu\/#\/schema\/person\/df7cf834a77b23b98ff06829317757f9","name":"convergence.office","image":{"@type":"ImageObject","inLanguage":"hu","@id":"https:\/\/secure.gravatar.com\/avatar\/f6380bedb84875f651f84ad11702714675269cd585a2f3a7e07644811e5a59d5?s=96&d=mm&r=g","url":"https:\/\/secure.gravatar.com\/avatar\/f6380bedb84875f651f84ad11702714675269cd585a2f3a7e07644811e5a59d5?s=96&d=mm&r=g","contentUrl":"https:\/\/secure.gravatar.com\/avatar\/f6380bedb84875f651f84ad11702714675269cd585a2f3a7e07644811e5a59d5?s=96&d=mm&r=g","caption":"convergence.office"},"url":"https:\/\/www.academiaoffices.hu\/index.php\/author\/convergence-office\/"}]}},"_links":{"self":[{"href":"https:\/\/www.academiaoffices.hu\/index.php\/wp-json\/wp\/v2\/posts\/2697","targetHints":{"allow":["GET"]}}],"collection":[{"href":"https:\/\/www.academiaoffices.hu\/index.php\/wp-json\/wp\/v2\/posts"}],"about":[{"href":"https:\/\/www.academiaoffices.hu\/index.php\/wp-json\/wp\/v2\/types\/post"}],"author":[{"embeddable":true,"href":"https:\/\/www.academiaoffices.hu\/index.php\/wp-json\/wp\/v2\/users\/4"}],"replies":[{"embeddable":true,"href":"https:\/\/www.academiaoffices.hu\/index.php\/wp-json\/wp\/v2\/comments?post=2697"}],"version-history":[{"count":1,"href":"https:\/\/www.academiaoffices.hu\/index.php\/wp-json\/wp\/v2\/posts\/2697\/revisions"}],"predecessor-version":[{"id":2706,"href":"https:\/\/www.academiaoffices.hu\/index.php\/wp-json\/wp\/v2\/posts\/2697\/revisions\/2706"}],"wp:featuredmedia":[{"embeddable":true,"href":"https:\/\/www.academiaoffices.hu\/index.php\/wp-json\/wp\/v2\/media\/2698"}],"wp:attachment":[{"href":"https:\/\/www.academiaoffices.hu\/index.php\/wp-json\/wp\/v2\/media?parent=2697"}],"wp:term":[{"taxonomy":"category","embeddable":true,"href":"https:\/\/www.academiaoffices.hu\/index.php\/wp-json\/wp\/v2\/categories?post=2697"},{"taxonomy":"post_tag","embeddable":true,"href":"https:\/\/www.academiaoffices.hu\/index.php\/wp-json\/wp\/v2\/tags?post=2697"}],"curies":[{"name":"wp","href":"https:\/\/api.w.org\/{rel}","templated":true}]}}